{"id":33695,"date":"2024-06-02T11:19:48","date_gmt":"2024-06-02T14:19:48","guid":{"rendered":"https:\/\/alianzanacional.com.uy\/web\/?p=33695"},"modified":"2024-06-02T11:19:48","modified_gmt":"2024-06-02T14:19:48","slug":"seguimos-junto-a-la-gente-el-senador-carlos-camy-inaugura-comite-de-lista-36-en-rosario-colonia","status":"publish","type":"post","link":"https:\/\/alianzanacional.com.uy\/web\/seguimos-junto-a-la-gente-el-senador-carlos-camy-inaugura-comite-de-lista-36-en-rosario-colonia\/","title":{"rendered":"Seguimos junto a la gente: el senador Carlos Camy inaugura Comit\u00e9 de lista 36 en Rosario, Colonia"},"content":{"rendered":"<p>El Senador <strong>Carlos Camy<\/strong>, particip\u00f3 este s\u00e1bado 1 de junio\u00a0 de la inauguraci\u00f3n de un nuevo Comit\u00e9 de Alianza Nacional, en la ciudad de Rosario, departamento de Colonia.<\/p>\n<p>En la oportunidad se trata de un Comit\u00e9 de la Lista 36, que orienta <strong>Walter Godoy<\/strong> y que cont\u00f3 con un gran marco de adherentes que llegaron al encuentro en la noche rosarina.<\/p>\n<p>Hicieron uso de la palabra los dirigentes de esta agrupaci\u00f3n coloniense y cerr\u00f3 la presentaci\u00f3n el l\u00edder de Alianza Nacional, Carlos Daniel Camy.<\/p>\n<p>El referente de la lista 36, Walter Godoy, coment\u00f3 en las redes sociales, \u00abHoy toc\u00f3 Rosario , inauguraci\u00f3n de nuestra sede, con batucada y todo !! Los amigos nunca fallan\u00bb, expres\u00f3 y agradeci\u00f3 al senador Camy por su presencia.<\/p>\n<p><img fetchpriority=\"high\" decoding=\"async\" class=\"aligncenter size-full wp-image-33697\" src=\"https:\/\/alianzanacional.com.uy\/web\/wp-content\/uploads\/2024\/06\/447599459_3250822328556114_8896511325808128874_n.jpg\" alt=\"\" width=\"1600\" height=\"720\" srcset=\"https:\/\/alianzanacional.com.uy\/web\/wp-content\/uploads\/2024\/06\/447599459_3250822328556114_8896511325808128874_n.jpg 1600w, https:\/\/alianzanacional.com.uy\/web\/wp-content\/uploads\/2024\/06\/447599459_3250822328556114_8896511325808128874_n-400x180.jpg 400w, https:\/\/alianzanacional.com.uy\/web\/wp-content\/uploads\/2024\/06\/447599459_3250822328556114_8896511325808128874_n-700x315.jpg 700w, https:\/\/alianzanacional.com.uy\/web\/wp-content\/uploads\/2024\/06\/447599459_3250822328556114_8896511325808128874_n-768x346.jpg 768w, https:\/\/alianzanacional.com.uy\/web\/wp-content\/uploads\/2024\/06\/447599459_3250822328556114_8896511325808128874_n-1536x691.jpg 1536w\" sizes=\"(max-width: 1600px) 100vw, 1600px\" \/><\/p>\n<p><img decoding=\"async\" class=\"aligncenter size-full wp-image-33698\" src=\"https:\/\/alianzanacional.com.uy\/web\/wp-content\/uploads\/2024\/06\/Imagen-de-WhatsApp-2024-06-02-a-las-10.38.17_f6a5235b.jpg\" alt=\"\" width=\"958\" height=\"489\" srcset=\"https:\/\/alianzanacional.com.uy\/web\/wp-content\/uploads\/2024\/06\/Imagen-de-WhatsApp-2024-06-02-a-las-10.38.17_f6a5235b.jpg 958w, https:\/\/alianzanacional.com.uy\/web\/wp-content\/uploads\/2024\/06\/Imagen-de-WhatsApp-2024-06-02-a-las-10.38.17_f6a5235b-400x204.jpg 400w, https:\/\/alianzanacional.com.uy\/web\/wp-content\/uploads\/2024\/06\/Imagen-de-WhatsApp-2024-06-02-a-las-10.38.17_f6a5235b-700x357.jpg 700w, https:\/\/alianzanacional.com.uy\/web\/wp-content\/uploads\/2024\/06\/Imagen-de-WhatsApp-2024-06-02-a-las-10.38.17_f6a5235b-768x392.jpg 768w\" sizes=\"(max-width: 958px) 100vw, 958px\" \/><\/p>\n","protected":false},"excerpt":{"rendered":"<p>El Senador Carlos Camy, particip\u00f3 este s\u00e1bado 1 de junio\u00a0 de la inauguraci\u00f3n de un nuevo Comit\u00e9 de Alianza Nacional, en la ciudad de Rosario, departamento de Colonia. En la oportunidad se trata de un Comit\u00e9 de la Lista 36, que orienta Walter Godoy y que cont\u00f3 con un gran marco de adherentes que llegaron [&hellip;]<\/p>\n","protected":false},"author":6,"featured_media":33696,"comment_status":"open","ping_status":"open","sticky":false,"template":"","format":"standard","meta":{"footnotes":""},"categories":[16],"tags":[324,1097],"class_list":["post-33695","post","type-post","status-publish","format-standard","has-post-thumbnail","hentry","category-noticias","tag-colonia","tag-lista-36"],"_links":{"self":[{"href":"https:\/\/alianzanacional.com.uy\/web\/wp-json\/wp\/v2\/posts\/33695","targetHints":{"allow":["GET"]}}],"collection":[{"href":"https:\/\/alianzanacional.com.uy\/web\/wp-json\/wp\/v2\/posts"}],"about":[{"href":"https:\/\/alianzanacional.com.uy\/web\/wp-json\/wp\/v2\/types\/post"}],"author":[{"embeddable":true,"href":"https:\/\/alianzanacional.com.uy\/web\/wp-json\/wp\/v2\/users\/6"}],"replies":[{"embeddable":true,"href":"https:\/\/alianzanacional.com.uy\/web\/wp-json\/wp\/v2\/comments?post=33695"}],"version-history":[{"count":1,"href":"https:\/\/alianzanacional.com.uy\/web\/wp-json\/wp\/v2\/posts\/33695\/revisions"}],"predecessor-version":[{"id":33699,"href":"https:\/\/alianzanacional.com.uy\/web\/wp-json\/wp\/v2\/posts\/33695\/revisions\/33699"}],"wp:featuredmedia":[{"embeddable":true,"href":"https:\/\/alianzanacional.com.uy\/web\/wp-json\/wp\/v2\/media\/33696"}],"wp:attachment":[{"href":"https:\/\/alianzanacional.com.uy\/web\/wp-json\/wp\/v2\/media?parent=33695"}],"wp:term":[{"taxonomy":"category","embeddable":true,"href":"https:\/\/alianzanacional.com.uy\/web\/wp-json\/wp\/v2\/categories?post=33695"},{"taxonomy":"post_tag","embeddable":true,"href":"https:\/\/alianzanacional.com.uy\/web\/wp-json\/wp\/v2\/tags?post=33695"}],"curies":[{"name":"wp","href":"https:\/\/api.w.org\/{rel}","templated":true}]}}