{"id":33700,"date":"2024-06-05T16:00:03","date_gmt":"2024-06-05T19:00:03","guid":{"rendered":"https:\/\/alianzanacional.com.uy\/web\/?p=33700"},"modified":"2024-06-05T21:14:17","modified_gmt":"2024-06-06T00:14:17","slug":"a-40-anos-del-regreso-de-wilson-el-libro-con-prologo-de-carlos-camy-cuenta-la-historica-travesia-del-caudillo","status":"publish","type":"post","link":"https:\/\/alianzanacional.com.uy\/web\/a-40-anos-del-regreso-de-wilson-el-libro-con-prologo-de-carlos-camy-cuenta-la-historica-travesia-del-caudillo\/","title":{"rendered":"A 40 a\u00f1os del regreso de Wilson, el libro con pr\u00f3logo de Carlos Camy, cuenta la hist\u00f3rica traves\u00eda del caudillo"},"content":{"rendered":"<p>Con pr\u00f3logo del senador <strong>Carlos Daniel Camy<\/strong>, el libro <strong>\u00abWilson, la traves\u00eda &#8211; Testimonios del regreso\u00bb<\/strong> de<strong> Ra\u00fal Vallarino &#8211;<\/strong> ante la enorme cantidad de pedidos &#8211; ya est\u00e1 nuevamente en las librer\u00edas de Uruguay, en una edici\u00f3n especial para conmemorar\u00a0 el pr\u00f3ximo 16 de junio los 40 a\u00f1os de la hist\u00f3rica vuelta del caudillo en el vapor de la carrera, Ciudad de Mar del Plata II, tras 11 a\u00f1os de exilio.<\/p>\n<p>El s\u00e1bado 16 de junio de 1984, con un pa\u00eds que se volcaba a la calles para recibir en forma multitudinaria a <strong>Wilson Ferreira Aldunate,<\/strong> los documentos hist\u00f3ricos y las fotograf\u00edas que se publican en este libro demuestran claramente lo que se viv\u00eda en Uruguay.<\/p>\n<p><iframe title=\"A 40 a\u00f1os del regreso de Wilson Ferreira Aldunate a Uruguay\" width=\"800\" height=\"450\" src=\"https:\/\/www.youtube.com\/embed\/qTWJWgRPXac?feature=oembed\" frameborder=\"0\" allow=\"accelerometer; autoplay; clipboard-write; encrypted-media; gyroscope; picture-in-picture; web-share\" referrerpolicy=\"strict-origin-when-cross-origin\" allowfullscreen><\/iframe><\/p>\n<h2 class=\"style-scope ytd-watch-metadata\">Carlos Daniel Camy: \u00a1Wilson vuelve&#8230; Siempre vuelve!<\/h2>\n<p>En el lanzamiento del libro, el senador del Partido Nacional <strong>Carlos Daniel Camy<\/strong>, acompa\u00f1ado por la hija del caudillo nacionalista,\u00a0<strong>Silvia Ferreira Sienra<\/strong>, present\u00f3 la nueva edici\u00f3n del libro de\u00a0<strong>Ra\u00fal Vallarino, \u201cWilson, la traves\u00eda \u2013 Testimonios del regreso\u201d. <\/strong><\/p>\n<p><img fetchpriority=\"high\" decoding=\"async\" class=\"alignleft size-medium wp-image-33707\" src=\"https:\/\/alianzanacional.com.uy\/web\/wp-content\/uploads\/2024\/06\/WILSON-LA-TRAVESIA-TAPA-2-EDICION-copia-216x300.jpg\" alt=\"\" width=\"216\" height=\"300\" srcset=\"https:\/\/alianzanacional.com.uy\/web\/wp-content\/uploads\/2024\/06\/WILSON-LA-TRAVESIA-TAPA-2-EDICION-copia-216x300.jpg 216w, https:\/\/alianzanacional.com.uy\/web\/wp-content\/uploads\/2024\/06\/WILSON-LA-TRAVESIA-TAPA-2-EDICION-copia-504x700.jpg 504w, https:\/\/alianzanacional.com.uy\/web\/wp-content\/uploads\/2024\/06\/WILSON-LA-TRAVESIA-TAPA-2-EDICION-copia-768x1066.jpg 768w, https:\/\/alianzanacional.com.uy\/web\/wp-content\/uploads\/2024\/06\/WILSON-LA-TRAVESIA-TAPA-2-EDICION-copia.jpg 1000w\" sizes=\"(max-width: 216px) 100vw, 216px\" \/>En ese acto, Camy expres\u00f3: \u201cHoy, ante esta nueva edici\u00f3n, nos toca el honor de escribir este pr\u00f3logo, haciendo nuestras las palabras de Larra\u00f1aga\u201d y agreg\u00f3: \u201cEste libro de Ra\u00fal, narrado de forma emotiva y punzante, nos muestra la valent\u00eda del caudillo, que ante la inminente detenci\u00f3n a bordo del hist\u00f3rico vapor \u201cCiudad de Mar del Plata II\u201d, no tuvo reparos al decirle a quienes iban a detenerlo, lo que \u00e9l pensaba y a la vez negarse a ser llevado a la fuerza a la patrullera ROU 70 de la Armada Nacional.<\/p>\n<p>El legado de Wilson, es el de alguien que se anticip\u00f3 en el tiempo, que sab\u00eda lo que nos deparar\u00eda el futuro y lo plasm\u00f3 en sus ideas, que hoy est\u00e1n m\u00e1s vigentes que nunca.<\/p>\n<p>Wilson sab\u00eda bien cu\u00e1l era la forma de gobernar y lo dec\u00eda: \u201cNo se trata de ganar sino de que valga la pena\u201d, record\u00f3 as\u00ed las palabras del caudillo.<\/p>\n<p>En el pr\u00f3logo del libro, Camy escribi\u00f3: \u201cEn su c\u00e9lebre discurso en la explanada municipal, Wilson, luego de ser liberado de la injusta prisi\u00f3n que le impusieron los militares y ante la multitudinaria concurrencia, expres\u00f3 sobre el regreso en el vapor de la carrera y la c\u00e1rcel: \u201cEste es el reencuentro con mi pueblo. Llego hoy, hoy al Uruguay, porque hace cinco meses y medio lo que pude ver de mi patria salvo algunos uruguayos que lejos y en las azoteas agitaban banderas y no s\u00f3lo de mi partido, fueron <em>\u201ccontainers\u201d<\/em> apilados para impedir que la gente accediera a ver la flota del Estado desplegada para recibir a una familia\u201d.<\/p>\n<p>Recordando el regreso, Camy expres\u00f3:\u00a0\u00a1Wilson vuelve\u2026 Siempre vuelve!<\/p>\n<p><iframe title=\"Senador Carlos Daniel Camy: \u00a1Wilson vuelve... Siempre vuelve!\" width=\"800\" height=\"450\" src=\"https:\/\/www.youtube.com\/embed\/WprC5-W5Voc?feature=oembed\" frameborder=\"0\" allow=\"accelerometer; autoplay; clipboard-write; encrypted-media; gyroscope; picture-in-picture; web-share\" referrerpolicy=\"strict-origin-when-cross-origin\" allowfullscreen><\/iframe><\/p>\n<p>&nbsp;<\/p>\n","protected":false},"excerpt":{"rendered":"<p>Con pr\u00f3logo del senador Carlos Daniel Camy, el libro \u00abWilson, la traves\u00eda &#8211; Testimonios del regreso\u00bb de Ra\u00fal Vallarino &#8211; ante la enorme cantidad de pedidos &#8211; ya est\u00e1 nuevamente en las librer\u00edas de Uruguay, en una edici\u00f3n especial para conmemorar\u00a0 el pr\u00f3ximo 16 de junio los 40 a\u00f1os de la hist\u00f3rica vuelta del caudillo [&hellip;]<\/p>\n","protected":false},"author":6,"featured_media":33701,"comment_status":"open","ping_status":"open","sticky":false,"template":"","format":"standard","meta":{"footnotes":""},"categories":[16],"tags":[1087,1098,1085],"class_list":["post-33700","post","type-post","status-publish","format-standard","has-post-thumbnail","hentry","category-noticias","tag-alianza-nacional","tag-carlos-camy","tag-wilson"],"_links":{"self":[{"href":"https:\/\/alianzanacional.com.uy\/web\/wp-json\/wp\/v2\/posts\/33700","targetHints":{"allow":["GET"]}}],"collection":[{"href":"https:\/\/alianzanacional.com.uy\/web\/wp-json\/wp\/v2\/posts"}],"about":[{"href":"https:\/\/alianzanacional.com.uy\/web\/wp-json\/wp\/v2\/types\/post"}],"author":[{"embeddable":true,"href":"https:\/\/alianzanacional.com.uy\/web\/wp-json\/wp\/v2\/users\/6"}],"replies":[{"embeddable":true,"href":"https:\/\/alianzanacional.com.uy\/web\/wp-json\/wp\/v2\/comments?post=33700"}],"version-history":[{"count":3,"href":"https:\/\/alianzanacional.com.uy\/web\/wp-json\/wp\/v2\/posts\/33700\/revisions"}],"predecessor-version":[{"id":33709,"href":"https:\/\/alianzanacional.com.uy\/web\/wp-json\/wp\/v2\/posts\/33700\/revisions\/33709"}],"wp:featuredmedia":[{"embeddable":true,"href":"https:\/\/alianzanacional.com.uy\/web\/wp-json\/wp\/v2\/media\/33701"}],"wp:attachment":[{"href":"https:\/\/alianzanacional.com.uy\/web\/wp-json\/wp\/v2\/media?parent=33700"}],"wp:term":[{"taxonomy":"category","embeddable":true,"href":"https:\/\/alianzanacional.com.uy\/web\/wp-json\/wp\/v2\/categories?post=33700"},{"taxonomy":"post_tag","embeddable":true,"href":"https:\/\/alianzanacional.com.uy\/web\/wp-json\/wp\/v2\/tags?post=33700"}],"curies":[{"name":"wp","href":"https:\/\/api.w.org\/{rel}","templated":true}]}}