{"id":33703,"date":"2024-06-05T21:06:23","date_gmt":"2024-06-06T00:06:23","guid":{"rendered":"https:\/\/alianzanacional.com.uy\/web\/?p=33703"},"modified":"2024-06-05T21:07:18","modified_gmt":"2024-06-06T00:07:18","slug":"laura-raffo-critico-plan-de-cosse-de-crear-fondo-industrial-y-senalo-que-el-fa-dejo-grandes-problemas-como-alas-u","status":"publish","type":"post","link":"https:\/\/alianzanacional.com.uy\/web\/laura-raffo-critico-plan-de-cosse-de-crear-fondo-industrial-y-senalo-que-el-fa-dejo-grandes-problemas-como-alas-u\/","title":{"rendered":"Laura Raffo critic\u00f3 plan de Cosse de crear Fondo Industrial y se\u00f1al\u00f3 que el FA dej\u00f3 \u00abgrandes problemas como Alas U\u00bb"},"content":{"rendered":"<p><b><i>Redacci\u00f3n El Pa\u00eds.-<\/i><\/b><br \/>\nLa precandidata nacionalista\u00a0<b>Laura Raffo<\/b>\u00a0apunt\u00f3 este mi\u00e9rcoles contra la propuesta de la frenteamplista\u00a0<b>Carolina Cosse<\/b>, que habl\u00f3 de la creaci\u00f3n de un\u00a0<b class=\"rte2-style-bold\">Fondo Industrial<\/b>\u00a0en su primer a\u00f1o de gesti\u00f3n, de ser electa presidenta.<\/p>\n<p>\u00abNuestras propuestas est\u00e1n medidas, estudiadas, tienen trabajo atr\u00e1s, se pueden cumplir desde el primer d\u00eda de gobierno, las pusimos por escrito. Es diferente lo que vemos en otros candidatos, ayer la candidata del FA, Carolina Cosse, habl\u00f3 de crear un Fondo Industrial, un fondo dinamizador, hab\u00eda hablado de 30 mil empleos garantizados por el Estado. Muchos fondos que se van a crear, pero \u00bfcon qu\u00e9 fondos se van a pagar?\u00bb, cuestion\u00f3\u00a0Raffo.<\/p>\n<p>\u00ab\u00bfD\u00f3nde est\u00e1 el presupuesto para esos fondos? Necesitamos seriedad. Los uruguayos ya sabemos lo que ha pasado con administraciones del Frente Amplio, que han dejado al pa\u00eds con grandes problemas como lo que pas\u00f3 con\u00a0<b>Alas U<\/b>, por poner solamente un ejemplo\u00bb, agreg\u00f3 la dirigente del Partido Nacional.<\/p>\n<p>Raffo se\u00f1al\u00f3 que su sector,\u00a0<b>Sumar<\/b>, \u00abcada propuesta la tiene medida, estudiada y se puede implementar desde el 1 de marzo de 2025\u00bb. \u00abLe pedimos a los uruguayos que hagan historia con nosotros, nos acompa\u00f1en, se sumen porque vamos a lograr construir este futuro de m\u00e1s oportunidades para todos\u00bb, acot\u00f3<\/p>\n<p>Entre las propuestas, Raffo habl\u00f3 de \u00abm\u00e1s represi\u00f3n y prevenci\u00f3n de delito\u00bb en materia de\u00a0<b>seguridad<\/b>, \u00abcrear 15.000 puestos de trabajo para j\u00f3venes en el primer a\u00f1o de gobierno\u00bb y\u00bb bajar el costo de vida del Uruguay para hacer rendir m\u00e1s el bolsillo\u00bb.<\/p>\n<p>&nbsp;<\/p>\n<div class=\"Enhancement\" data-align-center=\"\" data-mrf-recirculation=\"Notas - Mir\u00e1 Tambi\u00e9n\">\n<div class=\"Enhancement-item\"><\/div>\n<\/div>\n","protected":false},"excerpt":{"rendered":"<p>Redacci\u00f3n El Pa\u00eds.- La precandidata nacionalista\u00a0Laura Raffo\u00a0apunt\u00f3 este mi\u00e9rcoles contra la propuesta de la frenteamplista\u00a0Carolina Cosse, que habl\u00f3 de la creaci\u00f3n de un\u00a0Fondo Industrial\u00a0en su primer a\u00f1o de gesti\u00f3n, de ser electa presidenta. \u00abNuestras propuestas est\u00e1n medidas, estudiadas, tienen trabajo atr\u00e1s, se pueden cumplir desde el primer d\u00eda de gobierno, las pusimos por escrito. Es [&hellip;]<\/p>\n","protected":false},"author":6,"featured_media":33704,"comment_status":"open","ping_status":"open","sticky":false,"template":"","format":"standard","meta":{"footnotes":""},"categories":[16],"tags":[1087,1099,1089],"class_list":["post-33703","post","type-post","status-publish","format-standard","has-post-thumbnail","hentry","category-noticias","tag-alianza-nacional","tag-carolina-cosse","tag-laura-raffo"],"_links":{"self":[{"href":"https:\/\/alianzanacional.com.uy\/web\/wp-json\/wp\/v2\/posts\/33703","targetHints":{"allow":["GET"]}}],"collection":[{"href":"https:\/\/alianzanacional.com.uy\/web\/wp-json\/wp\/v2\/posts"}],"about":[{"href":"https:\/\/alianzanacional.com.uy\/web\/wp-json\/wp\/v2\/types\/post"}],"author":[{"embeddable":true,"href":"https:\/\/alianzanacional.com.uy\/web\/wp-json\/wp\/v2\/users\/6"}],"replies":[{"embeddable":true,"href":"https:\/\/alianzanacional.com.uy\/web\/wp-json\/wp\/v2\/comments?post=33703"}],"version-history":[{"count":2,"href":"https:\/\/alianzanacional.com.uy\/web\/wp-json\/wp\/v2\/posts\/33703\/revisions"}],"predecessor-version":[{"id":33706,"href":"https:\/\/alianzanacional.com.uy\/web\/wp-json\/wp\/v2\/posts\/33703\/revisions\/33706"}],"wp:featuredmedia":[{"embeddable":true,"href":"https:\/\/alianzanacional.com.uy\/web\/wp-json\/wp\/v2\/media\/33704"}],"wp:attachment":[{"href":"https:\/\/alianzanacional.com.uy\/web\/wp-json\/wp\/v2\/media?parent=33703"}],"wp:term":[{"taxonomy":"category","embeddable":true,"href":"https:\/\/alianzanacional.com.uy\/web\/wp-json\/wp\/v2\/categories?post=33703"},{"taxonomy":"post_tag","embeddable":true,"href":"https:\/\/alianzanacional.com.uy\/web\/wp-json\/wp\/v2\/tags?post=33703"}],"curies":[{"name":"wp","href":"https:\/\/api.w.org\/{rel}","templated":true}]}}