{"id":33711,"date":"2024-06-15T20:09:02","date_gmt":"2024-06-15T23:09:02","guid":{"rendered":"https:\/\/alianzanacional.com.uy\/web\/?p=33711"},"modified":"2024-06-15T20:09:02","modified_gmt":"2024-06-15T23:09:02","slug":"a-40-anos-del-regreso-de-wilson-todos-al-puerto-de-montevideo","status":"publish","type":"post","link":"https:\/\/alianzanacional.com.uy\/web\/a-40-anos-del-regreso-de-wilson-todos-al-puerto-de-montevideo\/","title":{"rendered":"A 40 a\u00f1os del regreso de Wilson: todos al puerto de Montevideo"},"content":{"rendered":"<p>El equipo de Alianza Nacional te espera junto a Laura Raffo y el Senador Carlos Daniel Camy, este domingo 16 de junio en la entrada del puerto de Montevideo, a las 11, para conmemorar los 40 a\u00f1os del regreso de Wilson Ferreira Aldunate a Uruguay, tras 11 a\u00f1os de exilio.<\/p>\n<p>No se puede faltar, hay orden de no aflojar.<\/p>\n<figure id=\"attachment_33713\" aria-describedby=\"caption-attachment-33713\" style=\"width: 897px\" class=\"wp-caption aligncenter\"><img fetchpriority=\"high\" decoding=\"async\" class=\"size-full wp-image-33713\" src=\"https:\/\/alianzanacional.com.uy\/web\/wp-content\/uploads\/2024\/06\/IMG_20220820_0003_NEW.jpg\" alt=\"\" width=\"897\" height=\"568\" srcset=\"https:\/\/alianzanacional.com.uy\/web\/wp-content\/uploads\/2024\/06\/IMG_20220820_0003_NEW.jpg 897w, https:\/\/alianzanacional.com.uy\/web\/wp-content\/uploads\/2024\/06\/IMG_20220820_0003_NEW-400x253.jpg 400w, https:\/\/alianzanacional.com.uy\/web\/wp-content\/uploads\/2024\/06\/IMG_20220820_0003_NEW-700x443.jpg 700w, https:\/\/alianzanacional.com.uy\/web\/wp-content\/uploads\/2024\/06\/IMG_20220820_0003_NEW-768x486.jpg 768w\" sizes=\"(max-width: 897px) 100vw, 897px\" \/><figcaption id=\"caption-attachment-33713\" class=\"wp-caption-text\">As\u00ed se ve\u00eda la entrada al puerto de Montevideo hace 40 a\u00f1os en espera de la llegada de Wilson<\/figcaption><\/figure>\n","protected":false},"excerpt":{"rendered":"<p>El equipo de Alianza Nacional te espera junto a Laura Raffo y el Senador Carlos Daniel Camy, este domingo 16 de junio en la entrada del puerto de Montevideo, a las 11, para conmemorar los 40 a\u00f1os del regreso de Wilson Ferreira Aldunate a Uruguay, tras 11 a\u00f1os de exilio. No se puede faltar, hay [&hellip;]<\/p>\n","protected":false},"author":6,"featured_media":33712,"comment_status":"open","ping_status":"open","sticky":false,"template":"","format":"standard","meta":{"footnotes":""},"categories":[16],"tags":[],"class_list":["post-33711","post","type-post","status-publish","format-standard","has-post-thumbnail","hentry","category-noticias"],"_links":{"self":[{"href":"https:\/\/alianzanacional.com.uy\/web\/wp-json\/wp\/v2\/posts\/33711","targetHints":{"allow":["GET"]}}],"collection":[{"href":"https:\/\/alianzanacional.com.uy\/web\/wp-json\/wp\/v2\/posts"}],"about":[{"href":"https:\/\/alianzanacional.com.uy\/web\/wp-json\/wp\/v2\/types\/post"}],"author":[{"embeddable":true,"href":"https:\/\/alianzanacional.com.uy\/web\/wp-json\/wp\/v2\/users\/6"}],"replies":[{"embeddable":true,"href":"https:\/\/alianzanacional.com.uy\/web\/wp-json\/wp\/v2\/comments?post=33711"}],"version-history":[{"count":1,"href":"https:\/\/alianzanacional.com.uy\/web\/wp-json\/wp\/v2\/posts\/33711\/revisions"}],"predecessor-version":[{"id":33714,"href":"https:\/\/alianzanacional.com.uy\/web\/wp-json\/wp\/v2\/posts\/33711\/revisions\/33714"}],"wp:featuredmedia":[{"embeddable":true,"href":"https:\/\/alianzanacional.com.uy\/web\/wp-json\/wp\/v2\/media\/33712"}],"wp:attachment":[{"href":"https:\/\/alianzanacional.com.uy\/web\/wp-json\/wp\/v2\/media?parent=33711"}],"wp:term":[{"taxonomy":"category","embeddable":true,"href":"https:\/\/alianzanacional.com.uy\/web\/wp-json\/wp\/v2\/categories?post=33711"},{"taxonomy":"post_tag","embeddable":true,"href":"https:\/\/alianzanacional.com.uy\/web\/wp-json\/wp\/v2\/tags?post=33711"}],"curies":[{"name":"wp","href":"https:\/\/api.w.org\/{rel}","templated":true}]}}