{"id":33715,"date":"2024-06-22T17:22:20","date_gmt":"2024-06-22T20:22:20","guid":{"rendered":"https:\/\/alianzanacional.com.uy\/web\/?p=33715"},"modified":"2024-06-22T17:33:23","modified_gmt":"2024-06-22T20:33:23","slug":"estamos-muy-cerca-el-triunfo-depende-de-cada-militante-porque-en-alianza-nacional-nadie-afloja","status":"publish","type":"post","link":"https:\/\/alianzanacional.com.uy\/web\/estamos-muy-cerca-el-triunfo-depende-de-cada-militante-porque-en-alianza-nacional-nadie-afloja\/","title":{"rendered":"Estamos muy cerca: el triunfo depende de cada militante porque en Alianza Nacional nadie afloja"},"content":{"rendered":"<p>Falta muy poco y el esfuerzo debe ser de todos. En Alianza Nacional nadie afloja en todos los rincones del pa\u00eds, con el empuje que siempre nos dio Jorge Larra\u00f1aga y no vamos a defraudar su memoria.<\/p>\n<p>Hoy con Laura Raffo, ensobrando listas, dando aliento a todos los compa\u00f1eros que d\u00eda a d\u00eda trabajan para lograr el triunfo.<\/p>\n<p>Y como dijo Wilson, \u00abPara nosotros la lucha comienza todos los d\u00edas de nuevo y por lo tanto, comienza hoy\u00bb.<\/p>\n<div style=\"width: 480px;\" class=\"wp-video\"><video class=\"wp-video-shortcode\" id=\"video-33715-1\" width=\"480\" height=\"848\" preload=\"metadata\" controls=\"controls\"><source type=\"video\/mp4\" src=\"https:\/\/alianzanacional.com.uy\/web\/wp-content\/uploads\/2024\/06\/Video-de-WhatsApp-2024-06-22-a-las-17.29.00_06da4962.mp4?_=1\" \/><a href=\"https:\/\/alianzanacional.com.uy\/web\/wp-content\/uploads\/2024\/06\/Video-de-WhatsApp-2024-06-22-a-las-17.29.00_06da4962.mp4\">https:\/\/alianzanacional.com.uy\/web\/wp-content\/uploads\/2024\/06\/Video-de-WhatsApp-2024-06-22-a-las-17.29.00_06da4962.mp4<\/a><\/video><\/div>\n<blockquote class=\"twitter-tweet\" data-width=\"550\" data-dnt=\"true\">\n<p lang=\"es\" dir=\"ltr\">\u00a1En la militancia no pod\u00eda faltar Laura! <\/p>\n<p>En Bulevar Espa\u00f1a esquina Luis De la Torre seguimos preparando nuestras listas para que este 30 de Junio est\u00e9 en cada uno de los circuitos \ud83d\udc47\ud83c\udffc<a href=\"https:\/\/twitter.com\/hashtag\/HagamosHistoria?src=hash&amp;ref_src=twsrc%5Etfw\">#HagamosHistoria<\/a> juntos, <a href=\"https:\/\/twitter.com\/hashtag\/HayOrdenDeNoAflojar?src=hash&amp;ref_src=twsrc%5Etfw\">#HayOrdenDeNoAflojar<\/a> \ud83c\uddfa\ud83c\uddfe <a href=\"https:\/\/t.co\/7031IQkCHe\">pic.twitter.com\/7031IQkCHe<\/a><\/p>\n<p>&mdash; La 2004 &#8211; Montevideo (@Lista2004_PN) <a href=\"https:\/\/twitter.com\/Lista2004_PN\/status\/1804586569317146653?ref_src=twsrc%5Etfw\">June 22, 2024<\/a><\/p><\/blockquote>\n<p><script async src=\"https:\/\/platform.twitter.com\/widgets.js\" charset=\"utf-8\"><\/script><\/p>\n<p>&nbsp;<\/p>\n<h3>La frase,\u00a0 no por repetida, sigue vigente en cada compa\u00f1ero: \u00abHay orden de no aflojar\u00bb<\/h3>\n<p><img fetchpriority=\"high\" decoding=\"async\" class=\"aligncenter size-full wp-image-33717\" src=\"https:\/\/alianzanacional.com.uy\/web\/wp-content\/uploads\/2024\/06\/Imagen-de-WhatsApp-2024-06-21-a-las-14.37.33_8b06d3c9.jpg\" alt=\"\" width=\"1022\" height=\"1022\" srcset=\"https:\/\/alianzanacional.com.uy\/web\/wp-content\/uploads\/2024\/06\/Imagen-de-WhatsApp-2024-06-21-a-las-14.37.33_8b06d3c9.jpg 1022w, https:\/\/alianzanacional.com.uy\/web\/wp-content\/uploads\/2024\/06\/Imagen-de-WhatsApp-2024-06-21-a-las-14.37.33_8b06d3c9-300x300.jpg 300w, https:\/\/alianzanacional.com.uy\/web\/wp-content\/uploads\/2024\/06\/Imagen-de-WhatsApp-2024-06-21-a-las-14.37.33_8b06d3c9-700x700.jpg 700w, https:\/\/alianzanacional.com.uy\/web\/wp-content\/uploads\/2024\/06\/Imagen-de-WhatsApp-2024-06-21-a-las-14.37.33_8b06d3c9-150x150.jpg 150w, https:\/\/alianzanacional.com.uy\/web\/wp-content\/uploads\/2024\/06\/Imagen-de-WhatsApp-2024-06-21-a-las-14.37.33_8b06d3c9-768x768.jpg 768w\" sizes=\"(max-width: 1022px) 100vw, 1022px\" \/><\/p>\n","protected":false},"excerpt":{"rendered":"<p>Falta muy poco y el esfuerzo debe ser de todos. En Alianza Nacional nadie afloja en todos los rincones del pa\u00eds, con el empuje que siempre nos dio Jorge Larra\u00f1aga y no vamos a defraudar su memoria. Hoy con Laura Raffo, ensobrando listas, dando aliento a todos los compa\u00f1eros que d\u00eda a d\u00eda trabajan para [&hellip;]<\/p>\n","protected":false},"author":6,"featured_media":33716,"comment_status":"open","ping_status":"open","sticky":false,"template":"","format":"standard","meta":{"footnotes":""},"categories":[16],"tags":[1087,1089],"class_list":["post-33715","post","type-post","status-publish","format-standard","has-post-thumbnail","hentry","category-noticias","tag-alianza-nacional","tag-laura-raffo"],"_links":{"self":[{"href":"https:\/\/alianzanacional.com.uy\/web\/wp-json\/wp\/v2\/posts\/33715","targetHints":{"allow":["GET"]}}],"collection":[{"href":"https:\/\/alianzanacional.com.uy\/web\/wp-json\/wp\/v2\/posts"}],"about":[{"href":"https:\/\/alianzanacional.com.uy\/web\/wp-json\/wp\/v2\/types\/post"}],"author":[{"embeddable":true,"href":"https:\/\/alianzanacional.com.uy\/web\/wp-json\/wp\/v2\/users\/6"}],"replies":[{"embeddable":true,"href":"https:\/\/alianzanacional.com.uy\/web\/wp-json\/wp\/v2\/comments?post=33715"}],"version-history":[{"count":4,"href":"https:\/\/alianzanacional.com.uy\/web\/wp-json\/wp\/v2\/posts\/33715\/revisions"}],"predecessor-version":[{"id":33722,"href":"https:\/\/alianzanacional.com.uy\/web\/wp-json\/wp\/v2\/posts\/33715\/revisions\/33722"}],"wp:featuredmedia":[{"embeddable":true,"href":"https:\/\/alianzanacional.com.uy\/web\/wp-json\/wp\/v2\/media\/33716"}],"wp:attachment":[{"href":"https:\/\/alianzanacional.com.uy\/web\/wp-json\/wp\/v2\/media?parent=33715"}],"wp:term":[{"taxonomy":"category","embeddable":true,"href":"https:\/\/alianzanacional.com.uy\/web\/wp-json\/wp\/v2\/categories?post=33715"},{"taxonomy":"post_tag","embeddable":true,"href":"https:\/\/alianzanacional.com.uy\/web\/wp-json\/wp\/v2\/tags?post=33715"}],"curies":[{"name":"wp","href":"https:\/\/api.w.org\/{rel}","templated":true}]}}