{"id":33724,"date":"2024-06-23T21:30:55","date_gmt":"2024-06-24T00:30:55","guid":{"rendered":"https:\/\/alianzanacional.com.uy\/web\/?p=33724"},"modified":"2024-06-23T21:30:55","modified_gmt":"2024-06-24T00:30:55","slug":"alianza-nacional-recorrio-varias-zonas-junto-a-laura-raffo-que-destaca-sus-propuestas-para-hacer-historia","status":"publish","type":"post","link":"https:\/\/alianzanacional.com.uy\/web\/alianza-nacional-recorrio-varias-zonas-junto-a-laura-raffo-que-destaca-sus-propuestas-para-hacer-historia\/","title":{"rendered":"Alianza Nacional recorri\u00f3 varias zonas junto a Laura Raffo que destaca sus propuestas \u201cpara hacer historia\u201d"},"content":{"rendered":"<p><b><i>Redacci\u00f3n El Pa\u00eds<\/i><\/b><br \/>\nLa\u00a0<b>precandidata a la Presidencia<\/b>\u00a0por el\u00a0<b>Partido Nacional<\/b>,\u00a0Laura Raffo, tuvo una jornada movida en el \u00faltimo domingo previo a las\u00a0<b>elecciones internas\u00a0<\/b>del<b>\u00a030 de junio<\/b>. La economista tuvo encuentros con sus adeptos en varios puntos de Montevideo y aprovech\u00f3 para\u00a0<b>entregar listas<\/b>.<\/p>\n<p>Los barrios que visit\u00f3 la precandidata para ver a sus militantes fueron Buceo, Parque Rod\u00f3 y Malv\u00edn. Adem\u00e1s, dedic\u00f3 unos minutos a los medios con una conferencia de prensa, en la cual se refiri\u00f3 a las\u00a0<b>propuestas de campa\u00f1a<\/b>, que, seg\u00fan ella, son \u201cpara hacer historia\u201d.<\/p>\n<p>\u201cHay clima de continuar con las transformaciones que inici\u00f3 el\u00a0<b>gobierno de Luis Lacalle Pou<\/b>, la gente reconoce los avances, y quiere m\u00e1s\u201d, dijo Raffo ante los medios, y a\u00f1adi\u00f3 que sus propuestas se centran en \u201c<b>m\u00e1s empleo para los j\u00f3venes<\/b>,\u00a0<b>bajar el costo de vida en Uruguay<\/b>,\u00a0<b>mejor acceso a los servicios de salud<\/b>\u201d.<\/p>\n<p>La\u00a0<b>precandidata blanca<\/b>\u00a0adem\u00e1s explic\u00f3 su visi\u00f3n de cu\u00e1l es la mejor manera para hacer pol\u00edtica en Uruguay. \u00abCreo que a la gente lo que le importa es que los dirigentes pol\u00edticos nos concentremos en solucionar sus problemas, \u00e9se es el tipo de pol\u00edtica que hacemos nosotros, es el tipo de pol\u00edtica que nos ha hecho crecer, y as\u00ed se reflejar\u00e1 el pr\u00f3ximo domingo\u201d, se\u00f1al\u00f3.<\/p>\n<p>\u00abNosotros confiamos en que nuestra gente reconoce el trabajo de propuestas y cercan\u00eda que estamos haciendo y eso nos va a llevar a tener muy buenos resultados el pr\u00f3ximo domingo\u201d, dijo Raffo. \u201cLo importante es que aqu\u00ed son los votantes, son los blancos. El poder est\u00e1 en ellos, ellos son los protagonistas, y yo lo que le estoy pidiendo a cada blanco es que nos vote para tener la posibilidad de poner el pie en el acelerador, de hacer las transformaciones que a\u00fan nos quedan por hacer, y sobre todo les estoy pidiendo que me voten como una carta de confianza en nosotros y en este nuevo equipo que se anima a ir a fondo para construir un mejor Uruguay para todos\u00bb, concluy\u00f3.<\/p>\n<h3>Las im\u00e1genes<\/h3>\n<p><img fetchpriority=\"high\" decoding=\"async\" class=\"aligncenter size-full wp-image-33725\" src=\"https:\/\/alianzanacional.com.uy\/web\/wp-content\/uploads\/2024\/06\/descarga-1.jpeg\" alt=\"\" width=\"1440\" height=\"990\" srcset=\"https:\/\/alianzanacional.com.uy\/web\/wp-content\/uploads\/2024\/06\/descarga-1.jpeg 1440w, https:\/\/alianzanacional.com.uy\/web\/wp-content\/uploads\/2024\/06\/descarga-1-400x275.jpeg 400w, https:\/\/alianzanacional.com.uy\/web\/wp-content\/uploads\/2024\/06\/descarga-1-700x481.jpeg 700w, https:\/\/alianzanacional.com.uy\/web\/wp-content\/uploads\/2024\/06\/descarga-1-768x528.jpeg 768w\" sizes=\"(max-width: 1440px) 100vw, 1440px\" \/><\/p>\n<figure id=\"attachment_33726\" aria-describedby=\"caption-attachment-33726\" style=\"width: 1440px\" class=\"wp-caption aligncenter\"><img decoding=\"async\" class=\"size-full wp-image-33726\" src=\"https:\/\/alianzanacional.com.uy\/web\/wp-content\/uploads\/2024\/06\/descarga-2.jpeg\" alt=\"\" width=\"1440\" height=\"1080\" srcset=\"https:\/\/alianzanacional.com.uy\/web\/wp-content\/uploads\/2024\/06\/descarga-2.jpeg 1440w, https:\/\/alianzanacional.com.uy\/web\/wp-content\/uploads\/2024\/06\/descarga-2-400x300.jpeg 400w, https:\/\/alianzanacional.com.uy\/web\/wp-content\/uploads\/2024\/06\/descarga-2-700x525.jpeg 700w, https:\/\/alianzanacional.com.uy\/web\/wp-content\/uploads\/2024\/06\/descarga-2-768x576.jpeg 768w\" sizes=\"(max-width: 1440px) 100vw, 1440px\" \/><figcaption id=\"caption-attachment-33726\" class=\"wp-caption-text\">Laura Raffo y la lista 2004<\/figcaption><\/figure>\n<p><img decoding=\"async\" class=\"aligncenter size-full wp-image-33727\" src=\"https:\/\/alianzanacional.com.uy\/web\/wp-content\/uploads\/2024\/06\/GQxY6zZWsAE-wNr.jpeg\" alt=\"\" width=\"755\" height=\"635\" srcset=\"https:\/\/alianzanacional.com.uy\/web\/wp-content\/uploads\/2024\/06\/GQxY6zZWsAE-wNr.jpeg 755w, https:\/\/alianzanacional.com.uy\/web\/wp-content\/uploads\/2024\/06\/GQxY6zZWsAE-wNr-357x300.jpeg 357w, https:\/\/alianzanacional.com.uy\/web\/wp-content\/uploads\/2024\/06\/GQxY6zZWsAE-wNr-700x589.jpeg 700w\" sizes=\"(max-width: 755px) 100vw, 755px\" \/><\/p>\n","protected":false},"excerpt":{"rendered":"<p>Redacci\u00f3n El Pa\u00eds La\u00a0precandidata a la Presidencia\u00a0por el\u00a0Partido Nacional,\u00a0Laura Raffo, tuvo una jornada movida en el \u00faltimo domingo previo a las\u00a0elecciones internas\u00a0del\u00a030 de junio. La economista tuvo encuentros con sus adeptos en varios puntos de Montevideo y aprovech\u00f3 para\u00a0entregar listas. Los barrios que visit\u00f3 la precandidata para ver a sus militantes fueron Buceo, Parque Rod\u00f3 [&hellip;]<\/p>\n","protected":false},"author":6,"featured_media":33727,"comment_status":"open","ping_status":"open","sticky":false,"template":"","format":"standard","meta":{"footnotes":""},"categories":[16],"tags":[],"class_list":["post-33724","post","type-post","status-publish","format-standard","has-post-thumbnail","hentry","category-noticias"],"_links":{"self":[{"href":"https:\/\/alianzanacional.com.uy\/web\/wp-json\/wp\/v2\/posts\/33724","targetHints":{"allow":["GET"]}}],"collection":[{"href":"https:\/\/alianzanacional.com.uy\/web\/wp-json\/wp\/v2\/posts"}],"about":[{"href":"https:\/\/alianzanacional.com.uy\/web\/wp-json\/wp\/v2\/types\/post"}],"author":[{"embeddable":true,"href":"https:\/\/alianzanacional.com.uy\/web\/wp-json\/wp\/v2\/users\/6"}],"replies":[{"embeddable":true,"href":"https:\/\/alianzanacional.com.uy\/web\/wp-json\/wp\/v2\/comments?post=33724"}],"version-history":[{"count":1,"href":"https:\/\/alianzanacional.com.uy\/web\/wp-json\/wp\/v2\/posts\/33724\/revisions"}],"predecessor-version":[{"id":33728,"href":"https:\/\/alianzanacional.com.uy\/web\/wp-json\/wp\/v2\/posts\/33724\/revisions\/33728"}],"wp:featuredmedia":[{"embeddable":true,"href":"https:\/\/alianzanacional.com.uy\/web\/wp-json\/wp\/v2\/media\/33727"}],"wp:attachment":[{"href":"https:\/\/alianzanacional.com.uy\/web\/wp-json\/wp\/v2\/media?parent=33724"}],"wp:term":[{"taxonomy":"category","embeddable":true,"href":"https:\/\/alianzanacional.com.uy\/web\/wp-json\/wp\/v2\/categories?post=33724"},{"taxonomy":"post_tag","embeddable":true,"href":"https:\/\/alianzanacional.com.uy\/web\/wp-json\/wp\/v2\/tags?post=33724"}],"curies":[{"name":"wp","href":"https:\/\/api.w.org\/{rel}","templated":true}]}}