{"id":33729,"date":"2024-06-25T21:00:23","date_gmt":"2024-06-26T00:00:23","guid":{"rendered":"https:\/\/alianzanacional.com.uy\/web\/?p=33729"},"modified":"2024-06-25T21:00:23","modified_gmt":"2024-06-26T00:00:23","slug":"laura-raffo-firmo-un-documento-con-siete-valores-a-defender-en-el-partido-nacional-luego-de-las-internas","status":"publish","type":"post","link":"https:\/\/alianzanacional.com.uy\/web\/laura-raffo-firmo-un-documento-con-siete-valores-a-defender-en-el-partido-nacional-luego-de-las-internas\/","title":{"rendered":"Laura Raffo firm\u00f3 un documento con \u00absiete valores\u00bb a defender en el Partido Nacional luego de las internas"},"content":{"rendered":"<p><b><i>Redacci\u00f3n El Pa\u00eds-<\/i><\/b><br \/>\n<b>Laura Raffo<\/b>, precandidata por el\u00a0Partido Nacional,\u00a0firm\u00f3 esta tarde un documento con \u00absiete valores\u00bb sobre los que ella y todos quienes la acompa\u00f1an se comprometen a trabajar dentro de su fuerza pol\u00edtica de aqu\u00ed en adelante, independientemente del resultado de las elecciones internas de este domingo.<\/p>\n<p>El objetivo, de acuerdo al texto que la economista firm\u00f3 junto con su equipo t\u00e9cnico, es \u00abllevar adelante una nueva forma de hacer pol\u00edtica en Uruguay y las transformaciones que los uruguayos necesitan\u00bb, bajo la \u00e9gida de la \u00ablibertad, honestidad, coraje, esperanza, compromiso, unidad y responsabilidad\u00bb. Es, sostiene tambi\u00e9n el documento, un reflejo de \u00abla manera de hacer pol\u00edtica: cercana a la gente, d\u00e1ndole el protagonismo a las personas y poniendo por delante los intereses de los uruguayos\u00bb.<\/p>\n<p>Sobre la\u00a0<b>libertad<\/b>, el texto de Raffo \u2014que llega en segundo lugar en las encuestas, lejos del precandidato \u00c1lvaro Delgado\u2014 sostiene la necesidad de que el gobierno \u00abcontin\u00fae\u00bb con el rumbo puesto en este valor, ya que es \u00abla mejor forma de hacerlo\u00bb.<\/p>\n<p>En cuanto a la\u00a0<b>honestidad<\/b>, se suscribe el compromiso de \u00abactuar con transparencia y verdad\u00bb, ya que \u00abla honestidad es la base\u00bb de la confianza y ello permite \u00abconstruir relaciones s\u00f3lidas\u00bb.<\/p>\n<p>A continuaci\u00f3n se hace menci\u00f3n al\u00a0<b>coraje<\/b>. \u00abNos comprometemos a enfrentar desaf\u00edos y tomar las decisiones que haya que tomar, hace lo que haya que hacer\u00bb, dice el documento, que agrega: \u00abNos atrevemos a liderar con convicci\u00f3n y a defender nuestros principios y valores.<\/p>\n<p>La\u00a0<b>esperanza<\/b>\u00a0es lo que sigue. El compromiso aqu\u00ed es a \u00abmantener una actitud optimista, positiva\u00bb, de cara al futuro. \u00abLa esperanza nos motiva a superarnos d\u00eda a d\u00eda, a trabajar con entusiasmo por el beneficio de los uruguayos. Hemos hecho propuestas pensando en un futuro mejor, imaginando qu\u00e9 Uruguay queremos para nuestros hijos y nuestros nietos, esperanzados de que sea un mejor lugar para vivir\u00bb.<\/p>\n<p>El quinto valor es directamente el\u00a0<b>compromiso<\/b>, bajo el entendido de que \u00abnada se logra en esta vida sin compromiso\u00bb. \u00abNuestras propuestas parten de la base de que nos comprometemos con nosotros mismos para dar lo mejor de cada uno. Tenemos este proyecto colectivo, tenemos la voluntad y tenemos la perseverancia de superar desaf\u00edos. Trabajamos para que todo el pa\u00eds tenga un futuro de m\u00e1s prosperidad y bienestar para todos\u00bb, se asegura.<\/p>\n<p>Tambi\u00e9n se suscribe la defensa de la unidad, porque se entiende que esa es la \u00abfuerza\u00bb principal del partido. \u00abTodo nuestro trabajo en propuestas parti\u00f3 de la base de que estamos unidos en procurar nuestros logros. Nada se logra individualmente. Todo es consecuencia de una actitud de equipo y de solidaridad entre todos\u00bb, se afirma.<\/p>\n<p>Por \u00faltimo, se incluye la\u00a0<b>responsabilidad<\/b>. \u00abNos comprometemos a asumir la responsabilidad de nuestras acciones y decisiones. La responsabilidad de cumplir con nuestros deberes. En nuestras propuestas hay responsabilidad de buscar soluciones constructivas. No hay demagogia f\u00e1cil, esa que promete castillos pero que no dice c\u00f3mo se van a lograr. Todo est\u00e1 planteado para ser llevado adelante\u00bb, dice el texto.<\/p>\n","protected":false},"excerpt":{"rendered":"<p>Redacci\u00f3n El Pa\u00eds- Laura Raffo, precandidata por el\u00a0Partido Nacional,\u00a0firm\u00f3 esta tarde un documento con \u00absiete valores\u00bb sobre los que ella y todos quienes la acompa\u00f1an se comprometen a trabajar dentro de su fuerza pol\u00edtica de aqu\u00ed en adelante, independientemente del resultado de las elecciones internas de este domingo. El objetivo, de acuerdo al texto que [&hellip;]<\/p>\n","protected":false},"author":6,"featured_media":33674,"comment_status":"open","ping_status":"open","sticky":false,"template":"","format":"standard","meta":{"footnotes":""},"categories":[16],"tags":[1087,1089],"class_list":["post-33729","post","type-post","status-publish","format-standard","has-post-thumbnail","hentry","category-noticias","tag-alianza-nacional","tag-laura-raffo"],"_links":{"self":[{"href":"https:\/\/alianzanacional.com.uy\/web\/wp-json\/wp\/v2\/posts\/33729","targetHints":{"allow":["GET"]}}],"collection":[{"href":"https:\/\/alianzanacional.com.uy\/web\/wp-json\/wp\/v2\/posts"}],"about":[{"href":"https:\/\/alianzanacional.com.uy\/web\/wp-json\/wp\/v2\/types\/post"}],"author":[{"embeddable":true,"href":"https:\/\/alianzanacional.com.uy\/web\/wp-json\/wp\/v2\/users\/6"}],"replies":[{"embeddable":true,"href":"https:\/\/alianzanacional.com.uy\/web\/wp-json\/wp\/v2\/comments?post=33729"}],"version-history":[{"count":1,"href":"https:\/\/alianzanacional.com.uy\/web\/wp-json\/wp\/v2\/posts\/33729\/revisions"}],"predecessor-version":[{"id":33730,"href":"https:\/\/alianzanacional.com.uy\/web\/wp-json\/wp\/v2\/posts\/33729\/revisions\/33730"}],"wp:featuredmedia":[{"embeddable":true,"href":"https:\/\/alianzanacional.com.uy\/web\/wp-json\/wp\/v2\/media\/33674"}],"wp:attachment":[{"href":"https:\/\/alianzanacional.com.uy\/web\/wp-json\/wp\/v2\/media?parent=33729"}],"wp:term":[{"taxonomy":"category","embeddable":true,"href":"https:\/\/alianzanacional.com.uy\/web\/wp-json\/wp\/v2\/categories?post=33729"},{"taxonomy":"post_tag","embeddable":true,"href":"https:\/\/alianzanacional.com.uy\/web\/wp-json\/wp\/v2\/tags?post=33729"}],"curies":[{"name":"wp","href":"https:\/\/api.w.org\/{rel}","templated":true}]}}