{"id":33731,"date":"2024-06-25T21:22:18","date_gmt":"2024-06-26T00:22:18","guid":{"rendered":"https:\/\/alianzanacional.com.uy\/web\/?p=33731"},"modified":"2024-06-25T21:22:18","modified_gmt":"2024-06-26T00:22:18","slug":"san-jose-y-soriano-en-fotos-con-la-fuerza-de-laura-raffo-y-alianza-nacional","status":"publish","type":"post","link":"https:\/\/alianzanacional.com.uy\/web\/san-jose-y-soriano-en-fotos-con-la-fuerza-de-laura-raffo-y-alianza-nacional\/","title":{"rendered":"San Jos\u00e9 y Soriano en fotos: con la fuerza de Laura Raffo y Alianza Nacional"},"content":{"rendered":"<p>Espectaculares encuentros de Laura Raffo, Carlos Camy, Guillermo Besozzi y los dirigentes de San Jos\u00e9 y Soriano, como vienen ocurriendo en todos los departamentos.<\/p>\n<p>Las fotograf\u00edas son elocuentes de los actos donde estamos acompa\u00f1ados por la gente.<\/p>\n<p>\u00a1Cada d\u00eda somos m\u00e1s!<\/p>\n<p><img fetchpriority=\"high\" decoding=\"async\" class=\"aligncenter size-full wp-image-33732\" src=\"https:\/\/alianzanacional.com.uy\/web\/wp-content\/uploads\/2024\/06\/GQo23m6XEAA9owu.jpeg\" alt=\"\" width=\"1600\" height=\"761\" srcset=\"https:\/\/alianzanacional.com.uy\/web\/wp-content\/uploads\/2024\/06\/GQo23m6XEAA9owu.jpeg 1600w, https:\/\/alianzanacional.com.uy\/web\/wp-content\/uploads\/2024\/06\/GQo23m6XEAA9owu-400x190.jpeg 400w, https:\/\/alianzanacional.com.uy\/web\/wp-content\/uploads\/2024\/06\/GQo23m6XEAA9owu-700x333.jpeg 700w, https:\/\/alianzanacional.com.uy\/web\/wp-content\/uploads\/2024\/06\/GQo23m6XEAA9owu-768x365.jpeg 768w, https:\/\/alianzanacional.com.uy\/web\/wp-content\/uploads\/2024\/06\/GQo23m6XEAA9owu-1536x731.jpeg 1536w\" sizes=\"(max-width: 1600px) 100vw, 1600px\" \/><\/p>\n<p><img decoding=\"async\" class=\"aligncenter size-full wp-image-33733\" src=\"https:\/\/alianzanacional.com.uy\/web\/wp-content\/uploads\/2024\/06\/GQo23m7XEAApmkW.jpeg\" alt=\"\" width=\"1600\" height=\"920\" srcset=\"https:\/\/alianzanacional.com.uy\/web\/wp-content\/uploads\/2024\/06\/GQo23m7XEAApmkW.jpeg 1600w, https:\/\/alianzanacional.com.uy\/web\/wp-content\/uploads\/2024\/06\/GQo23m7XEAApmkW-400x230.jpeg 400w, https:\/\/alianzanacional.com.uy\/web\/wp-content\/uploads\/2024\/06\/GQo23m7XEAApmkW-700x403.jpeg 700w, https:\/\/alianzanacional.com.uy\/web\/wp-content\/uploads\/2024\/06\/GQo23m7XEAApmkW-768x442.jpeg 768w, https:\/\/alianzanacional.com.uy\/web\/wp-content\/uploads\/2024\/06\/GQo23m7XEAApmkW-1536x883.jpeg 1536w\" sizes=\"(max-width: 1600px) 100vw, 1600px\" \/><\/p>\n<p><img decoding=\"async\" class=\"aligncenter size-full wp-image-33734\" src=\"https:\/\/alianzanacional.com.uy\/web\/wp-content\/uploads\/2024\/06\/GQjd9SZWkAA71av.jpeg\" alt=\"\" width=\"1536\" height=\"986\" srcset=\"https:\/\/alianzanacional.com.uy\/web\/wp-content\/uploads\/2024\/06\/GQjd9SZWkAA71av.jpeg 1536w, https:\/\/alianzanacional.com.uy\/web\/wp-content\/uploads\/2024\/06\/GQjd9SZWkAA71av-400x257.jpeg 400w, https:\/\/alianzanacional.com.uy\/web\/wp-content\/uploads\/2024\/06\/GQjd9SZWkAA71av-700x449.jpeg 700w, https:\/\/alianzanacional.com.uy\/web\/wp-content\/uploads\/2024\/06\/GQjd9SZWkAA71av-768x493.jpeg 768w\" sizes=\"(max-width: 1536px) 100vw, 1536px\" \/><\/p>\n<p><img loading=\"lazy\" decoding=\"async\" class=\"aligncenter size-full wp-image-33735\" src=\"https:\/\/alianzanacional.com.uy\/web\/wp-content\/uploads\/2024\/06\/GQjd9SXXQAE8BaU.jpeg\" alt=\"\" width=\"1536\" height=\"960\" srcset=\"https:\/\/alianzanacional.com.uy\/web\/wp-content\/uploads\/2024\/06\/GQjd9SXXQAE8BaU.jpeg 1536w, https:\/\/alianzanacional.com.uy\/web\/wp-content\/uploads\/2024\/06\/GQjd9SXXQAE8BaU-400x250.jpeg 400w, https:\/\/alianzanacional.com.uy\/web\/wp-content\/uploads\/2024\/06\/GQjd9SXXQAE8BaU-700x438.jpeg 700w, https:\/\/alianzanacional.com.uy\/web\/wp-content\/uploads\/2024\/06\/GQjd9SXXQAE8BaU-768x480.jpeg 768w\" sizes=\"(max-width: 1536px) 100vw, 1536px\" \/><\/p>\n<p>&nbsp;<\/p>\n","protected":false},"excerpt":{"rendered":"<p>Espectaculares encuentros de Laura Raffo, Carlos Camy, Guillermo Besozzi y los dirigentes de San Jos\u00e9 y Soriano, como vienen ocurriendo en todos los departamentos. Las fotograf\u00edas son elocuentes de los actos donde estamos acompa\u00f1ados por la gente. \u00a1Cada d\u00eda somos m\u00e1s! &nbsp;<\/p>\n","protected":false},"author":6,"featured_media":33732,"comment_status":"open","ping_status":"open","sticky":false,"template":"","format":"standard","meta":{"footnotes":""},"categories":[16],"tags":[],"class_list":["post-33731","post","type-post","status-publish","format-standard","has-post-thumbnail","hentry","category-noticias"],"_links":{"self":[{"href":"https:\/\/alianzanacional.com.uy\/web\/wp-json\/wp\/v2\/posts\/33731","targetHints":{"allow":["GET"]}}],"collection":[{"href":"https:\/\/alianzanacional.com.uy\/web\/wp-json\/wp\/v2\/posts"}],"about":[{"href":"https:\/\/alianzanacional.com.uy\/web\/wp-json\/wp\/v2\/types\/post"}],"author":[{"embeddable":true,"href":"https:\/\/alianzanacional.com.uy\/web\/wp-json\/wp\/v2\/users\/6"}],"replies":[{"embeddable":true,"href":"https:\/\/alianzanacional.com.uy\/web\/wp-json\/wp\/v2\/comments?post=33731"}],"version-history":[{"count":1,"href":"https:\/\/alianzanacional.com.uy\/web\/wp-json\/wp\/v2\/posts\/33731\/revisions"}],"predecessor-version":[{"id":33736,"href":"https:\/\/alianzanacional.com.uy\/web\/wp-json\/wp\/v2\/posts\/33731\/revisions\/33736"}],"wp:featuredmedia":[{"embeddable":true,"href":"https:\/\/alianzanacional.com.uy\/web\/wp-json\/wp\/v2\/media\/33732"}],"wp:attachment":[{"href":"https:\/\/alianzanacional.com.uy\/web\/wp-json\/wp\/v2\/media?parent=33731"}],"wp:term":[{"taxonomy":"category","embeddable":true,"href":"https:\/\/alianzanacional.com.uy\/web\/wp-json\/wp\/v2\/categories?post=33731"},{"taxonomy":"post_tag","embeddable":true,"href":"https:\/\/alianzanacional.com.uy\/web\/wp-json\/wp\/v2\/tags?post=33731"}],"curies":[{"name":"wp","href":"https:\/\/api.w.org\/{rel}","templated":true}]}}