{"id":33737,"date":"2024-06-27T00:10:39","date_gmt":"2024-06-27T03:10:39","guid":{"rendered":"https:\/\/alianzanacional.com.uy\/web\/?p=33737"},"modified":"2024-06-27T00:15:15","modified_gmt":"2024-06-27T03:15:15","slug":"cierre-de-campana-de-laura-raffo-a-diferencia-del-frente-amplio-estamos-aca-para-sumar-no-para-dividir","status":"publish","type":"post","link":"https:\/\/alianzanacional.com.uy\/web\/cierre-de-campana-de-laura-raffo-a-diferencia-del-frente-amplio-estamos-aca-para-sumar-no-para-dividir\/","title":{"rendered":"Cierre de campa\u00f1a de Laura Raffo: \u201cA diferencia del Frente Amplio, estamos ac\u00e1 para sumar, no para dividir\u00bb"},"content":{"rendered":"<p><img fetchpriority=\"high\" decoding=\"async\" class=\"aligncenter size-full wp-image-33740\" src=\"https:\/\/alianzanacional.com.uy\/web\/wp-content\/uploads\/2024\/06\/GRCYAODXEAAVKTq-1.jpeg\" alt=\"\" width=\"1620\" height=\"1080\" srcset=\"https:\/\/alianzanacional.com.uy\/web\/wp-content\/uploads\/2024\/06\/GRCYAODXEAAVKTq-1.jpeg 1620w, https:\/\/alianzanacional.com.uy\/web\/wp-content\/uploads\/2024\/06\/GRCYAODXEAAVKTq-1-400x267.jpeg 400w, https:\/\/alianzanacional.com.uy\/web\/wp-content\/uploads\/2024\/06\/GRCYAODXEAAVKTq-1-700x467.jpeg 700w, https:\/\/alianzanacional.com.uy\/web\/wp-content\/uploads\/2024\/06\/GRCYAODXEAAVKTq-1-768x512.jpeg 768w, https:\/\/alianzanacional.com.uy\/web\/wp-content\/uploads\/2024\/06\/GRCYAODXEAAVKTq-1-1536x1024.jpeg 1536w\" sizes=\"(max-width: 1620px) 100vw, 1620px\" \/><\/p>\n<p>\u201cA diferencia del Frente Amplio, estamos ac\u00e1 para sumar, no para dividir. Estamos ac\u00e1 para construir puentes y no para levantar muros; para mirar al futuro con optimismo y esperanza, y no para dar marcha atr\u00e1s \u00ab, destac\u00f3 ayer la precandidata nacionalista Laura Raffo, l\u00edder del espacio\u00a0<b>Sumar<\/b>, en su acto de cierre de campa\u00f1a en un escenario montado en la Plaza Independencia, rodeada de las m\u00e1ximas figuras\u00a0 larra\u00f1aguistas y del herrerismo seg\u00fan consign\u00f3 el diario El Pa\u00eds.<\/p>\n<p>\u00abSiempre hicimos pol\u00edtica con la gente, por la gente y para la gente. No nos mueve los cargos ocupar (sic), nos mueve la gente y encontrar soluciones para la gente\u00bb, enfatiz\u00f3 Raffo, tras lo cual se\u00f1al\u00f3 que hizo una campa\u00f1a de \u00abpropuestas\u00bb. \u00abA los uruguayos que nos piden seguir siendo firmes con el delito, les devolvemos tambi\u00e9n nuestra propuesta de votar los allanamientos nocturnos, incrementar la Guardia Republicana, duplicar las c\u00e1maras de videovigilancia, y nuestro firme compromiso de mantener siempre el combate frontal al narcotr\u00e1fico y al crimen organizado, porque\u00a0<b>hay orden de no aflojar<\/b>\u00ab, subray\u00f3, recordando la frase de Jorge Larra\u00f1aga de la lista 2004 del wilsonismo.<\/p>\n<p>\u201cVamos a crear 15.000 puestos de trabajo en el primer a\u00f1o de gobierno\u00bb, prometi\u00f3 Raffo en caso de llegar al edificio que la escoltaba, tras recordar las dificultades que escuch\u00f3 durante su campa\u00f1a para conseguir empleo. Tambi\u00e9n record\u00f3 la \u00ab<b>F\u00f3rmula Raffo<\/b>\u00bb para \u00abbajar el costo de vida\u00bb, otro de sus pilares en esta campa\u00f1a. \u00abVamos a hacer que tu bolsillo te rinda m\u00e1s cuando vas al almac\u00e9n, a comer una pizza, alquilar; que te rinda m\u00e1s el sueldo, que te rinda m\u00e1s la jubilaci\u00f3n\u00bb, afirm\u00f3.<\/p>\n<p>La precandidata puntualiz\u00f3 que sus iniciativas se sostienen sobre la \u00abgran base de crecimiento\u00bb que asegur\u00f3, instal\u00f3 el gobierno encabezado por el presidente\u00a0<b>Luis Lacalle Pou<\/b>. \u00ab\u00c9l nos marc\u00f3 el rumbo, y (lo) vamos a seguir, no vamos a permitir que nos detengan\u00bb, acot\u00f3 Raffo, rodeada de banderas y carteles de la lista 2004 de Alianza Nacional, entre otras agrupaciones. \u201cPara seguir ese rumbo, a cada problema que nos presentan los uruguayos, le devolvemos una propuesta\u201d, sostuvo.<\/p>\n<blockquote class=\"twitter-tweet\" data-width=\"550\" data-dnt=\"true\">\n<p lang=\"es\" dir=\"ltr\">Cierre de campa\u00f1a en la Plaza Independencia de Montevideo. Junto a <a href=\"https:\/\/twitter.com\/lauraraffo?ref_src=twsrc%5Etfw\">@lauraraffo<\/a> y compa\u00f1eros de <a href=\"https:\/\/twitter.com\/alianzauy?ref_src=twsrc%5Etfw\">@alianzauy<\/a> y <a href=\"https:\/\/twitter.com\/sumar_uy?ref_src=twsrc%5Etfw\">@sumar_uy<\/a>.<br \/>Gracias a quienes nos  acompa\u00f1aron desafiando el frio. A la intemperie. Gracias por el compromiso y la alegr\u00eda<a href=\"https:\/\/twitter.com\/hashtag\/HagamosHistoria?src=hash&amp;ref_src=twsrc%5Etfw\">#HagamosHistoria<\/a> <a href=\"https:\/\/twitter.com\/hashtag\/HayOrdenDeNoAfloja?src=hash&amp;ref_src=twsrc%5Etfw\">#HayOrdenDeNoAfloja<\/a> <a href=\"https:\/\/t.co\/ecjaiKrqhw\">pic.twitter.com\/ecjaiKrqhw<\/a><\/p>\n<p>&mdash; Carlos Daniel Camy (@cdcamy) <a href=\"https:\/\/twitter.com\/cdcamy\/status\/1806117378696089914?ref_src=twsrc%5Etfw\">June 27, 2024<\/a><\/p><\/blockquote>\n<p><script async src=\"https:\/\/platform.twitter.com\/widgets.js\" charset=\"utf-8\"><\/script><\/p>\n<blockquote class=\"twitter-tweet\" data-width=\"550\" data-dnt=\"true\">\n<p lang=\"es\" dir=\"ltr\">El domingo 30 vamos con todo arriba la 2004 !! <a href=\"https:\/\/t.co\/lh5B6zcbit\">pic.twitter.com\/lh5B6zcbit<\/a><\/p>\n<p>&mdash; Fernando Ripoll (@JATARIPOLL) <a href=\"https:\/\/twitter.com\/JATARIPOLL\/status\/1806144213668556803?ref_src=twsrc%5Etfw\">June 27, 2024<\/a><\/p><\/blockquote>\n<p><script async src=\"https:\/\/platform.twitter.com\/widgets.js\" charset=\"utf-8\"><\/script><\/p>\n<p>&nbsp;<\/p>\n","protected":false},"excerpt":{"rendered":"<p>\u201cA diferencia del Frente Amplio, estamos ac\u00e1 para sumar, no para dividir. Estamos ac\u00e1 para construir puentes y no para levantar muros; para mirar al futuro con optimismo y esperanza, y no para dar marcha atr\u00e1s \u00ab, destac\u00f3 ayer la precandidata nacionalista Laura Raffo, l\u00edder del espacio\u00a0Sumar, en su acto de cierre de campa\u00f1a en [&hellip;]<\/p>\n","protected":false},"author":6,"featured_media":33738,"comment_status":"open","ping_status":"open","sticky":false,"template":"","format":"standard","meta":{"footnotes":""},"categories":[16],"tags":[],"class_list":["post-33737","post","type-post","status-publish","format-standard","has-post-thumbnail","hentry","category-noticias"],"_links":{"self":[{"href":"https:\/\/alianzanacional.com.uy\/web\/wp-json\/wp\/v2\/posts\/33737","targetHints":{"allow":["GET"]}}],"collection":[{"href":"https:\/\/alianzanacional.com.uy\/web\/wp-json\/wp\/v2\/posts"}],"about":[{"href":"https:\/\/alianzanacional.com.uy\/web\/wp-json\/wp\/v2\/types\/post"}],"author":[{"embeddable":true,"href":"https:\/\/alianzanacional.com.uy\/web\/wp-json\/wp\/v2\/users\/6"}],"replies":[{"embeddable":true,"href":"https:\/\/alianzanacional.com.uy\/web\/wp-json\/wp\/v2\/comments?post=33737"}],"version-history":[{"count":3,"href":"https:\/\/alianzanacional.com.uy\/web\/wp-json\/wp\/v2\/posts\/33737\/revisions"}],"predecessor-version":[{"id":33743,"href":"https:\/\/alianzanacional.com.uy\/web\/wp-json\/wp\/v2\/posts\/33737\/revisions\/33743"}],"wp:featuredmedia":[{"embeddable":true,"href":"https:\/\/alianzanacional.com.uy\/web\/wp-json\/wp\/v2\/media\/33738"}],"wp:attachment":[{"href":"https:\/\/alianzanacional.com.uy\/web\/wp-json\/wp\/v2\/media?parent=33737"}],"wp:term":[{"taxonomy":"category","embeddable":true,"href":"https:\/\/alianzanacional.com.uy\/web\/wp-json\/wp\/v2\/categories?post=33737"},{"taxonomy":"post_tag","embeddable":true,"href":"https:\/\/alianzanacional.com.uy\/web\/wp-json\/wp\/v2\/tags?post=33737"}],"curies":[{"name":"wp","href":"https:\/\/api.w.org\/{rel}","templated":true}]}}