{"id":33744,"date":"2024-06-27T16:06:43","date_gmt":"2024-06-27T19:06:43","guid":{"rendered":"https:\/\/alianzanacional.com.uy\/web\/?p=33744"},"modified":"2024-06-27T16:09:23","modified_gmt":"2024-06-27T19:09:23","slug":"laura-raffo-acompanada-por-camy-y-andujar-entrego-la-bandera-con-la-que-recorrio-el-pais-y-apelo-a-la-unidad-de-los-blancos","status":"publish","type":"post","link":"https:\/\/alianzanacional.com.uy\/web\/laura-raffo-acompanada-por-camy-y-andujar-entrego-la-bandera-con-la-que-recorrio-el-pais-y-apelo-a-la-unidad-de-los-blancos\/","title":{"rendered":"Laura Raffo acompa\u00f1ada por Camy y Andujar entreg\u00f3 la bandera con la que recorri\u00f3 el pa\u00eds y apel\u00f3 a la \u201cunidad\u201d de los blancos"},"content":{"rendered":"<div class=\"contenido\">\n<p><img fetchpriority=\"high\" decoding=\"async\" class=\"aligncenter size-full wp-image-33748\" src=\"https:\/\/alianzanacional.com.uy\/web\/wp-content\/uploads\/2024\/06\/GRGS3goXEAAqfhz.jpeg\" alt=\"\" width=\"2048\" height=\"1366\" srcset=\"https:\/\/alianzanacional.com.uy\/web\/wp-content\/uploads\/2024\/06\/GRGS3goXEAAqfhz.jpeg 2048w, https:\/\/alianzanacional.com.uy\/web\/wp-content\/uploads\/2024\/06\/GRGS3goXEAAqfhz-400x267.jpeg 400w, https:\/\/alianzanacional.com.uy\/web\/wp-content\/uploads\/2024\/06\/GRGS3goXEAAqfhz-700x467.jpeg 700w, https:\/\/alianzanacional.com.uy\/web\/wp-content\/uploads\/2024\/06\/GRGS3goXEAAqfhz-768x512.jpeg 768w, https:\/\/alianzanacional.com.uy\/web\/wp-content\/uploads\/2024\/06\/GRGS3goXEAAqfhz-1536x1025.jpeg 1536w\" sizes=\"(max-width: 2048px) 100vw, 2048px\" \/><\/p>\n<p>De cara a las elecciones internas de este domingo, la precandidata blanca\u00a0Laura Raffo\u00a0entreg\u00f3 la bandera gigante con la leyenda \u201cHagamos historia\u201d, que lleva firmas de militantes de todo el pa\u00eds, al Partido Nacional (PN).<\/p>\n<p>La precandidata estuvo acompa\u00f1ada por el senador Carlos Daniel Camy de Alianza Nacional y de Sebasti\u00e1n Andujar de Canelones.<\/p>\n<p>La presidenta del directorio blanco, Macarena Rubio, fue quien recibi\u00f3 la bandera de\u00a0Raffo. De este modo, la economista apel\u00f3 a la \u201cunidad\u201d de los precandidatos blancos y asegur\u00f3 que dar\u00e1n a conocer la f\u00f3rmula presidencial para las elecciones octubres despu\u00e9s de que se conozcan los resultados del domingo.<\/p>\n<p>\u201cCuando se terminen de abrir las urnas, se cuenten todos los votos y el poder lo hayan demostrado quienes votan, el partido va a reconocer la f\u00f3rmula que le presentaremos a los uruguayos para ganar en octubre y noviembre\u201d, dijo la economista en la sede blanca, seg\u00fan consign\u00f3\u00a0<em>Telemundo<\/em>.<\/p>\n<p>Raffo record\u00f3 que el domingo los blancos votan \u201ca la persona que ser\u00e1 candidata a la Presidencia por el PN\u201d. \u201cYo a todos los blancos les estoy pidiendo su voto; quiero representarlos, quiero ser esa persona, quiero que hagamos juntos todas las transformaciones que nos quedan por hacer, y estoy convencida de que nuestro partido es uno que va a trabajar siempre en unidad\u201d, agreg\u00f3.<\/p>\n<p>La precandidata se\u00f1al\u00f3 que las elecci\u00f3n de este domingo es \u201cuna decisi\u00f3n muy importante\u201d, ya que \u201ccada compatriota tendr\u00e1 una lista mental de las caracter\u00edsticas que quiere que cumpla una persona que clasifique para luego ocupar la Presidencia de la Rep\u00fablica\u201d.<\/p>\n<p>Informe de Montevideo Portal<\/p>\n<\/div>\n","protected":false},"excerpt":{"rendered":"<p>De cara a las elecciones internas de este domingo, la precandidata blanca\u00a0Laura Raffo\u00a0entreg\u00f3 la bandera gigante con la leyenda \u201cHagamos historia\u201d, que lleva firmas de militantes de todo el pa\u00eds, al Partido Nacional (PN). La precandidata estuvo acompa\u00f1ada por el senador Carlos Daniel Camy de Alianza Nacional y de Sebasti\u00e1n Andujar de Canelones. La presidenta [&hellip;]<\/p>\n","protected":false},"author":6,"featured_media":33746,"comment_status":"open","ping_status":"open","sticky":false,"template":"","format":"standard","meta":{"footnotes":""},"categories":[16],"tags":[],"class_list":["post-33744","post","type-post","status-publish","format-standard","has-post-thumbnail","hentry","category-noticias"],"_links":{"self":[{"href":"https:\/\/alianzanacional.com.uy\/web\/wp-json\/wp\/v2\/posts\/33744","targetHints":{"allow":["GET"]}}],"collection":[{"href":"https:\/\/alianzanacional.com.uy\/web\/wp-json\/wp\/v2\/posts"}],"about":[{"href":"https:\/\/alianzanacional.com.uy\/web\/wp-json\/wp\/v2\/types\/post"}],"author":[{"embeddable":true,"href":"https:\/\/alianzanacional.com.uy\/web\/wp-json\/wp\/v2\/users\/6"}],"replies":[{"embeddable":true,"href":"https:\/\/alianzanacional.com.uy\/web\/wp-json\/wp\/v2\/comments?post=33744"}],"version-history":[{"count":3,"href":"https:\/\/alianzanacional.com.uy\/web\/wp-json\/wp\/v2\/posts\/33744\/revisions"}],"predecessor-version":[{"id":33749,"href":"https:\/\/alianzanacional.com.uy\/web\/wp-json\/wp\/v2\/posts\/33744\/revisions\/33749"}],"wp:featuredmedia":[{"embeddable":true,"href":"https:\/\/alianzanacional.com.uy\/web\/wp-json\/wp\/v2\/media\/33746"}],"wp:attachment":[{"href":"https:\/\/alianzanacional.com.uy\/web\/wp-json\/wp\/v2\/media?parent=33744"}],"wp:term":[{"taxonomy":"category","embeddable":true,"href":"https:\/\/alianzanacional.com.uy\/web\/wp-json\/wp\/v2\/categories?post=33744"},{"taxonomy":"post_tag","embeddable":true,"href":"https:\/\/alianzanacional.com.uy\/web\/wp-json\/wp\/v2\/tags?post=33744"}],"curies":[{"name":"wp","href":"https:\/\/api.w.org\/{rel}","templated":true}]}}