{"id":33751,"date":"2024-07-12T14:38:13","date_gmt":"2024-07-12T17:38:13","guid":{"rendered":"https:\/\/alianzanacional.com.uy\/web\/?p=33751"},"modified":"2024-07-12T14:43:03","modified_gmt":"2024-07-12T17:43:03","slug":"nueva-serie-en-videos-con-jorge-larranaga-en-el-recuerdo-entrevistas-a-sus-companeros-de-alianza-nacional","status":"publish","type":"post","link":"https:\/\/alianzanacional.com.uy\/web\/nueva-serie-en-videos-con-jorge-larranaga-en-el-recuerdo-entrevistas-a-sus-companeros-de-alianza-nacional\/","title":{"rendered":"Nueva serie en videos, con Jorge Larra\u00f1aga en el recuerdo: entrevistas a sus compa\u00f1eros de Alianza Nacional"},"content":{"rendered":"<figure id=\"attachment_33754\" aria-describedby=\"caption-attachment-33754\" style=\"width: 695px\" class=\"wp-caption aligncenter\"><img fetchpriority=\"high\" decoding=\"async\" class=\"size-full wp-image-33754\" src=\"https:\/\/alianzanacional.com.uy\/web\/wp-content\/uploads\/2024\/07\/P1060642-2-696x522-1.jpg\" alt=\"\" width=\"695\" height=\"445\" srcset=\"https:\/\/alianzanacional.com.uy\/web\/wp-content\/uploads\/2024\/07\/P1060642-2-696x522-1.jpg 695w, https:\/\/alianzanacional.com.uy\/web\/wp-content\/uploads\/2024\/07\/P1060642-2-696x522-1-400x256.jpg 400w\" sizes=\"(max-width: 695px) 100vw, 695px\" \/><figcaption id=\"caption-attachment-33754\" class=\"wp-caption-text\">Foto: ICN Diario<\/figcaption><\/figure>\n<p>Una nueva serie de entrevistas de ICN TV, en recuerdo y homenaje a Jorge Larra\u00f1aga, con la participaci\u00f3n de sus compa\u00f1eros de Alianza Nacional.<\/p>\n<p>Hoy responde Fernando Ripoll, Secretario de la C\u00e1mara de Diputados y dirigente de Alianza, lista 2004 de Montevideo, trabaj\u00f3 durante 26 a\u00f1os junto a Jorge Larra\u00f1aga.<\/p>\n<p>\u00abUn hombre con una templanza impresionante, con una firmeza muy grande, con convicci\u00f3n, y que siempre pele\u00f3 en repecho\u00bb, record\u00f3 Ripoll.<\/p>\n<p><iframe title=\"Recordando a Jorge Larra\u00f1aga: El legado - nueva serie\" width=\"800\" height=\"450\" src=\"https:\/\/www.youtube.com\/embed\/Bn7nus93JRo?feature=oembed\" frameborder=\"0\" allow=\"accelerometer; autoplay; clipboard-write; encrypted-media; gyroscope; picture-in-picture; web-share\" referrerpolicy=\"strict-origin-when-cross-origin\" allowfullscreen><\/iframe><\/p>\n","protected":false},"excerpt":{"rendered":"<p>Una nueva serie de entrevistas de ICN TV, en recuerdo y homenaje a Jorge Larra\u00f1aga, con la participaci\u00f3n de sus compa\u00f1eros de Alianza Nacional. Hoy responde Fernando Ripoll, Secretario de la C\u00e1mara de Diputados y dirigente de Alianza, lista 2004 de Montevideo, trabaj\u00f3 durante 26 a\u00f1os junto a Jorge Larra\u00f1aga. \u00abUn hombre con una templanza [&hellip;]<\/p>\n","protected":false},"author":6,"featured_media":33752,"comment_status":"open","ping_status":"open","sticky":false,"template":"","format":"standard","meta":{"footnotes":""},"categories":[16],"tags":[1087,314],"class_list":["post-33751","post","type-post","status-publish","format-standard","has-post-thumbnail","hentry","category-noticias","tag-alianza-nacional","tag-jorge-larranaga"],"_links":{"self":[{"href":"https:\/\/alianzanacional.com.uy\/web\/wp-json\/wp\/v2\/posts\/33751","targetHints":{"allow":["GET"]}}],"collection":[{"href":"https:\/\/alianzanacional.com.uy\/web\/wp-json\/wp\/v2\/posts"}],"about":[{"href":"https:\/\/alianzanacional.com.uy\/web\/wp-json\/wp\/v2\/types\/post"}],"author":[{"embeddable":true,"href":"https:\/\/alianzanacional.com.uy\/web\/wp-json\/wp\/v2\/users\/6"}],"replies":[{"embeddable":true,"href":"https:\/\/alianzanacional.com.uy\/web\/wp-json\/wp\/v2\/comments?post=33751"}],"version-history":[{"count":4,"href":"https:\/\/alianzanacional.com.uy\/web\/wp-json\/wp\/v2\/posts\/33751\/revisions"}],"predecessor-version":[{"id":33757,"href":"https:\/\/alianzanacional.com.uy\/web\/wp-json\/wp\/v2\/posts\/33751\/revisions\/33757"}],"wp:featuredmedia":[{"embeddable":true,"href":"https:\/\/alianzanacional.com.uy\/web\/wp-json\/wp\/v2\/media\/33752"}],"wp:attachment":[{"href":"https:\/\/alianzanacional.com.uy\/web\/wp-json\/wp\/v2\/media?parent=33751"}],"wp:term":[{"taxonomy":"category","embeddable":true,"href":"https:\/\/alianzanacional.com.uy\/web\/wp-json\/wp\/v2\/categories?post=33751"},{"taxonomy":"post_tag","embeddable":true,"href":"https:\/\/alianzanacional.com.uy\/web\/wp-json\/wp\/v2\/tags?post=33751"}],"curies":[{"name":"wp","href":"https:\/\/api.w.org\/{rel}","templated":true}]}}