{"id":33759,"date":"2024-07-23T19:02:12","date_gmt":"2024-07-23T22:02:12","guid":{"rendered":"https:\/\/alianzanacional.com.uy\/web\/?p=33759"},"modified":"2024-07-23T19:03:11","modified_gmt":"2024-07-23T22:03:11","slug":"gran-plenario-de-alianza-nacional-junto-al-senador-carlos-daniel-camy","status":"publish","type":"post","link":"https:\/\/alianzanacional.com.uy\/web\/gran-plenario-de-alianza-nacional-junto-al-senador-carlos-daniel-camy\/","title":{"rendered":"\u00a1Gran plenario de Alianza Nacional junto al Senador Carlos Daniel Camy!"},"content":{"rendered":"<p><img fetchpriority=\"high\" decoding=\"async\" class=\"aligncenter size-full wp-image-33760\" src=\"https:\/\/alianzanacional.com.uy\/web\/wp-content\/uploads\/2024\/07\/GTMCSvQW8AQsWS8.jpeg\" alt=\"\" width=\"2048\" height=\"1197\" srcset=\"https:\/\/alianzanacional.com.uy\/web\/wp-content\/uploads\/2024\/07\/GTMCSvQW8AQsWS8.jpeg 2048w, https:\/\/alianzanacional.com.uy\/web\/wp-content\/uploads\/2024\/07\/GTMCSvQW8AQsWS8-400x234.jpeg 400w, https:\/\/alianzanacional.com.uy\/web\/wp-content\/uploads\/2024\/07\/GTMCSvQW8AQsWS8-700x409.jpeg 700w, https:\/\/alianzanacional.com.uy\/web\/wp-content\/uploads\/2024\/07\/GTMCSvQW8AQsWS8-768x449.jpeg 768w, https:\/\/alianzanacional.com.uy\/web\/wp-content\/uploads\/2024\/07\/GTMCSvQW8AQsWS8-1536x898.jpeg 1536w\" sizes=\"(max-width: 2048px) 100vw, 2048px\" \/><\/p>\n<p>En el Plenario de Alianza Nacional realizado en las \u00faltimas horas en la sede Pocitos de la agrupaci\u00f3n fundada por Jorge Larra\u00f1aga, el senador Carlos Daniel Camy, acompa\u00f1ado por\u00a0 referentes de distintos sectores, trat\u00f3 varios puntos de la orden del d\u00eda:<\/p>\n<p>\u2022 Agradecimiento a los compa\u00f1eros por el trabajo realizado<\/p>\n<p>\u2022 Condena a lo sucedido en la Intendencia de Artigas<\/p>\n<p>\u2022 Elecciones Nacionales y Departamentales<\/p>\n<p>\u2022 Plebiscito por los allanamientos nocturnos<\/p>\n<p><img decoding=\"async\" class=\"aligncenter size-full wp-image-33762\" src=\"https:\/\/alianzanacional.com.uy\/web\/wp-content\/uploads\/2024\/07\/GTMCSz2XIAA3zVF.jpeg\" alt=\"\" width=\"2048\" height=\"944\" srcset=\"https:\/\/alianzanacional.com.uy\/web\/wp-content\/uploads\/2024\/07\/GTMCSz2XIAA3zVF.jpeg 2048w, https:\/\/alianzanacional.com.uy\/web\/wp-content\/uploads\/2024\/07\/GTMCSz2XIAA3zVF-400x184.jpeg 400w, https:\/\/alianzanacional.com.uy\/web\/wp-content\/uploads\/2024\/07\/GTMCSz2XIAA3zVF-700x323.jpeg 700w, https:\/\/alianzanacional.com.uy\/web\/wp-content\/uploads\/2024\/07\/GTMCSz2XIAA3zVF-768x354.jpeg 768w, https:\/\/alianzanacional.com.uy\/web\/wp-content\/uploads\/2024\/07\/GTMCSz2XIAA3zVF-1536x708.jpeg 1536w\" sizes=\"(max-width: 2048px) 100vw, 2048px\" \/><\/p>\n<p><img decoding=\"async\" class=\"aligncenter size-full wp-image-33763\" src=\"https:\/\/alianzanacional.com.uy\/web\/wp-content\/uploads\/2024\/07\/Screenshot_4.jpg\" alt=\"\" width=\"1090\" height=\"269\" srcset=\"https:\/\/alianzanacional.com.uy\/web\/wp-content\/uploads\/2024\/07\/Screenshot_4.jpg 1090w, https:\/\/alianzanacional.com.uy\/web\/wp-content\/uploads\/2024\/07\/Screenshot_4-400x99.jpg 400w, https:\/\/alianzanacional.com.uy\/web\/wp-content\/uploads\/2024\/07\/Screenshot_4-700x173.jpg 700w, https:\/\/alianzanacional.com.uy\/web\/wp-content\/uploads\/2024\/07\/Screenshot_4-768x190.jpg 768w\" sizes=\"(max-width: 1090px) 100vw, 1090px\" \/><\/p>\n<p>Sobre los allanamientos nocturnos, Camy explic\u00f3 los alcances de este plebiscito que dotar\u00e1 de mayores elementos a la seguridad p\u00fablica del pa\u00eds y que es un proyecto impulsado por Alianza Nacional.<\/p>\n<p>&nbsp;<\/p>\n<h3>Entrevista al senador Carlos Daniel Camy sobre los allanamientos nocturnos<\/h3>\n<p><iframe title=\"Senador Carlos Daniel Camy: los allanamientos nocturnos para combatir el delito\" width=\"800\" height=\"450\" src=\"https:\/\/www.youtube.com\/embed\/f1YUmp87F9E?feature=oembed\" frameborder=\"0\" allow=\"accelerometer; autoplay; clipboard-write; encrypted-media; gyroscope; picture-in-picture; web-share\" referrerpolicy=\"strict-origin-when-cross-origin\" allowfullscreen><\/iframe><\/p>\n<p>&nbsp;<\/p>\n","protected":false},"excerpt":{"rendered":"<p>En el Plenario de Alianza Nacional realizado en las \u00faltimas horas en la sede Pocitos de la agrupaci\u00f3n fundada por Jorge Larra\u00f1aga, el senador Carlos Daniel Camy, acompa\u00f1ado por\u00a0 referentes de distintos sectores, trat\u00f3 varios puntos de la orden del d\u00eda: \u2022 Agradecimiento a los compa\u00f1eros por el trabajo realizado \u2022 Condena a lo sucedido [&hellip;]<\/p>\n","protected":false},"author":6,"featured_media":33762,"comment_status":"open","ping_status":"open","sticky":false,"template":"","format":"standard","meta":{"footnotes":""},"categories":[16],"tags":[],"class_list":["post-33759","post","type-post","status-publish","format-standard","has-post-thumbnail","hentry","category-noticias"],"_links":{"self":[{"href":"https:\/\/alianzanacional.com.uy\/web\/wp-json\/wp\/v2\/posts\/33759","targetHints":{"allow":["GET"]}}],"collection":[{"href":"https:\/\/alianzanacional.com.uy\/web\/wp-json\/wp\/v2\/posts"}],"about":[{"href":"https:\/\/alianzanacional.com.uy\/web\/wp-json\/wp\/v2\/types\/post"}],"author":[{"embeddable":true,"href":"https:\/\/alianzanacional.com.uy\/web\/wp-json\/wp\/v2\/users\/6"}],"replies":[{"embeddable":true,"href":"https:\/\/alianzanacional.com.uy\/web\/wp-json\/wp\/v2\/comments?post=33759"}],"version-history":[{"count":2,"href":"https:\/\/alianzanacional.com.uy\/web\/wp-json\/wp\/v2\/posts\/33759\/revisions"}],"predecessor-version":[{"id":33765,"href":"https:\/\/alianzanacional.com.uy\/web\/wp-json\/wp\/v2\/posts\/33759\/revisions\/33765"}],"wp:featuredmedia":[{"embeddable":true,"href":"https:\/\/alianzanacional.com.uy\/web\/wp-json\/wp\/v2\/media\/33762"}],"wp:attachment":[{"href":"https:\/\/alianzanacional.com.uy\/web\/wp-json\/wp\/v2\/media?parent=33759"}],"wp:term":[{"taxonomy":"category","embeddable":true,"href":"https:\/\/alianzanacional.com.uy\/web\/wp-json\/wp\/v2\/categories?post=33759"},{"taxonomy":"post_tag","embeddable":true,"href":"https:\/\/alianzanacional.com.uy\/web\/wp-json\/wp\/v2\/tags?post=33759"}],"curies":[{"name":"wp","href":"https:\/\/api.w.org\/{rel}","templated":true}]}}