{"id":33767,"date":"2024-08-08T17:59:30","date_gmt":"2024-08-08T20:59:30","guid":{"rendered":"https:\/\/alianzanacional.com.uy\/web\/?p=33767"},"modified":"2024-08-08T18:00:28","modified_gmt":"2024-08-08T21:00:28","slug":"alianza-pais-una-coalicion-que-busca-redefinir-el-equilibrio-de-poder-en-el-partido-nacional","status":"publish","type":"post","link":"https:\/\/alianzanacional.com.uy\/web\/alianza-pais-una-coalicion-que-busca-redefinir-el-equilibrio-de-poder-en-el-partido-nacional\/","title":{"rendered":"Alianza Pa\u00eds: una coalici\u00f3n que busca redefinir el equilibrio de poder en el Partido Nacional"},"content":{"rendered":"<p><img fetchpriority=\"high\" decoding=\"async\" class=\"aligncenter size-full wp-image-33769\" src=\"https:\/\/alianzanacional.com.uy\/web\/wp-content\/uploads\/2024\/08\/Imagen-de-WhatsApp-2024-08-07-a-las-23.38.49_5cb5dfae.jpg\" alt=\"\" width=\"800\" height=\"456\" srcset=\"https:\/\/alianzanacional.com.uy\/web\/wp-content\/uploads\/2024\/08\/Imagen-de-WhatsApp-2024-08-07-a-las-23.38.49_5cb5dfae.jpg 800w, https:\/\/alianzanacional.com.uy\/web\/wp-content\/uploads\/2024\/08\/Imagen-de-WhatsApp-2024-08-07-a-las-23.38.49_5cb5dfae-400x228.jpg 400w, https:\/\/alianzanacional.com.uy\/web\/wp-content\/uploads\/2024\/08\/Imagen-de-WhatsApp-2024-08-07-a-las-23.38.49_5cb5dfae-700x399.jpg 700w, https:\/\/alianzanacional.com.uy\/web\/wp-content\/uploads\/2024\/08\/Imagen-de-WhatsApp-2024-08-07-a-las-23.38.49_5cb5dfae-768x438.jpg 768w\" sizes=\"(max-width: 800px) 100vw, 800px\" \/><\/p>\n<p>Alianza Nacional, Espacio Pa\u00eds y Espacio 40 presentaron el lema con el que pretenden modificar el equilibrio de poder dentro del Partido Nacional, uniendo a Wilsonistas y Herreristas pero tambi\u00e9n a \u201clo mejor de Luis Lacalle Pou y el Guapo Larra\u00f1aga\u201d<\/p>\n<p>La alianza implica la integraci\u00f3n de figuras destacadas como el senador Daniel Camy, Jorge Larra\u00f1aga Vidal y el intendente Guillermo Besozzi en una lista com\u00fan al Senado, denominada Alianza Pa\u00eds. Voceros del sector han se\u00f1alado que su objetivo es constituirse como \u00abel tercio m\u00e1s grande\u00bb del partido, compitiendo con el grupo de Lacalle Pou y el resto de las agrupaciones.<\/p>\n<p>En la presentaci\u00f3n oficial realizada en la sede del candidato presidencial \u00c1lvaro Delgado, el senador Sebasti\u00e1n Da Silva subray\u00f3 que ya representan \u00abel 28% del Partido Nacional\u00bb. Este dato se basa en los aproximadamente 105,000 votos obtenidos por Espacio Pa\u00eds y Alianza Nacional en las elecciones internas del pasado 30 de junio.<\/p>\n<p>La meta de Alianza Pa\u00eds es ambiciosa: asegurar al menos cuatro senadores en las elecciones de octubre, desplazando as\u00ed a Aire Fresco. Javier Garc\u00eda, ex Ministro de Defensa, describi\u00f3 la coalici\u00f3n como \u00abla s\u00edntesis y la uni\u00f3n de varios grupos que fuimos confluyendo en el \u00faltimo a\u00f1o\u00bb.<\/p>\n<p>El senador Camy destac\u00f3 que esta nueva alianza es \u00abnueva y abierta\u00bb a todos en la b\u00fasqueda de la descentralizaci\u00f3n del Estado y de las oportunidades de desarrollo personal y profesional mientras que el senador Sergio Botana reafirm\u00f3 la importancia de un sector wilsonista fuerte y la necesidad de robustecer la presencia del interior del pa\u00eds en el Partido Nacional.<\/p>\n<p>Con las elecciones de octubre en el horizonte, Alianza Pa\u00eds se presenta como una fuerza unificada y renovada, preparada para consolidar su liderazgo y redefinir el futuro del Partido Nacional<\/p>\n<p><img decoding=\"async\" class=\"aligncenter size-full wp-image-33771\" src=\"https:\/\/alianzanacional.com.uy\/web\/wp-content\/uploads\/2024\/08\/Alianza.jpg\" alt=\"\" width=\"1120\" height=\"517\" srcset=\"https:\/\/alianzanacional.com.uy\/web\/wp-content\/uploads\/2024\/08\/Alianza.jpg 1120w, https:\/\/alianzanacional.com.uy\/web\/wp-content\/uploads\/2024\/08\/Alianza-400x185.jpg 400w, https:\/\/alianzanacional.com.uy\/web\/wp-content\/uploads\/2024\/08\/Alianza-700x323.jpg 700w, https:\/\/alianzanacional.com.uy\/web\/wp-content\/uploads\/2024\/08\/Alianza-768x355.jpg 768w\" sizes=\"(max-width: 1120px) 100vw, 1120px\" \/><\/p>\n<p><img decoding=\"async\" class=\"aligncenter size-full wp-image-33770\" src=\"https:\/\/alianzanacional.com.uy\/web\/wp-content\/uploads\/2024\/08\/Imagen-de-WhatsApp-2024-08-07-a-las-23.39.27_1c05081a.jpg\" alt=\"\" width=\"1306\" height=\"602\" srcset=\"https:\/\/alianzanacional.com.uy\/web\/wp-content\/uploads\/2024\/08\/Imagen-de-WhatsApp-2024-08-07-a-las-23.39.27_1c05081a.jpg 1306w, https:\/\/alianzanacional.com.uy\/web\/wp-content\/uploads\/2024\/08\/Imagen-de-WhatsApp-2024-08-07-a-las-23.39.27_1c05081a-400x184.jpg 400w, https:\/\/alianzanacional.com.uy\/web\/wp-content\/uploads\/2024\/08\/Imagen-de-WhatsApp-2024-08-07-a-las-23.39.27_1c05081a-700x323.jpg 700w, https:\/\/alianzanacional.com.uy\/web\/wp-content\/uploads\/2024\/08\/Imagen-de-WhatsApp-2024-08-07-a-las-23.39.27_1c05081a-768x354.jpg 768w\" sizes=\"(max-width: 1306px) 100vw, 1306px\" \/><\/p>\n<p><img loading=\"lazy\" decoding=\"async\" class=\"aligncenter size-full wp-image-33772\" src=\"https:\/\/alianzanacional.com.uy\/web\/wp-content\/uploads\/2024\/08\/Imagen-de-WhatsApp-2024-08-07-a-las-23.39.27_cfdaa92c.jpg\" alt=\"\" width=\"1200\" height=\"554\" srcset=\"https:\/\/alianzanacional.com.uy\/web\/wp-content\/uploads\/2024\/08\/Imagen-de-WhatsApp-2024-08-07-a-las-23.39.27_cfdaa92c.jpg 1200w, https:\/\/alianzanacional.com.uy\/web\/wp-content\/uploads\/2024\/08\/Imagen-de-WhatsApp-2024-08-07-a-las-23.39.27_cfdaa92c-400x185.jpg 400w, https:\/\/alianzanacional.com.uy\/web\/wp-content\/uploads\/2024\/08\/Imagen-de-WhatsApp-2024-08-07-a-las-23.39.27_cfdaa92c-700x323.jpg 700w, https:\/\/alianzanacional.com.uy\/web\/wp-content\/uploads\/2024\/08\/Imagen-de-WhatsApp-2024-08-07-a-las-23.39.27_cfdaa92c-768x355.jpg 768w\" sizes=\"(max-width: 1200px) 100vw, 1200px\" \/><\/p>\n<p><img loading=\"lazy\" decoding=\"async\" class=\"aligncenter size-full wp-image-33773\" src=\"https:\/\/alianzanacional.com.uy\/web\/wp-content\/uploads\/2024\/08\/Imagen-de-WhatsApp-2024-08-07-a-las-23.39.26_34331023.jpg\" alt=\"\" width=\"1280\" height=\"591\" srcset=\"https:\/\/alianzanacional.com.uy\/web\/wp-content\/uploads\/2024\/08\/Imagen-de-WhatsApp-2024-08-07-a-las-23.39.26_34331023.jpg 1280w, https:\/\/alianzanacional.com.uy\/web\/wp-content\/uploads\/2024\/08\/Imagen-de-WhatsApp-2024-08-07-a-las-23.39.26_34331023-400x185.jpg 400w, https:\/\/alianzanacional.com.uy\/web\/wp-content\/uploads\/2024\/08\/Imagen-de-WhatsApp-2024-08-07-a-las-23.39.26_34331023-700x323.jpg 700w, https:\/\/alianzanacional.com.uy\/web\/wp-content\/uploads\/2024\/08\/Imagen-de-WhatsApp-2024-08-07-a-las-23.39.26_34331023-768x355.jpg 768w\" sizes=\"(max-width: 1280px) 100vw, 1280px\" \/><\/p>\n","protected":false},"excerpt":{"rendered":"<p>Alianza Nacional, Espacio Pa\u00eds y Espacio 40 presentaron el lema con el que pretenden modificar el equilibrio de poder dentro del Partido Nacional, uniendo a Wilsonistas y Herreristas pero tambi\u00e9n a \u201clo mejor de Luis Lacalle Pou y el Guapo Larra\u00f1aga\u201d La alianza implica la integraci\u00f3n de figuras destacadas como el senador Daniel Camy, Jorge [&hellip;]<\/p>\n","protected":false},"author":6,"featured_media":33771,"comment_status":"open","ping_status":"open","sticky":false,"template":"","format":"standard","meta":{"footnotes":""},"categories":[16],"tags":[],"class_list":["post-33767","post","type-post","status-publish","format-standard","has-post-thumbnail","hentry","category-noticias"],"_links":{"self":[{"href":"https:\/\/alianzanacional.com.uy\/web\/wp-json\/wp\/v2\/posts\/33767","targetHints":{"allow":["GET"]}}],"collection":[{"href":"https:\/\/alianzanacional.com.uy\/web\/wp-json\/wp\/v2\/posts"}],"about":[{"href":"https:\/\/alianzanacional.com.uy\/web\/wp-json\/wp\/v2\/types\/post"}],"author":[{"embeddable":true,"href":"https:\/\/alianzanacional.com.uy\/web\/wp-json\/wp\/v2\/users\/6"}],"replies":[{"embeddable":true,"href":"https:\/\/alianzanacional.com.uy\/web\/wp-json\/wp\/v2\/comments?post=33767"}],"version-history":[{"count":1,"href":"https:\/\/alianzanacional.com.uy\/web\/wp-json\/wp\/v2\/posts\/33767\/revisions"}],"predecessor-version":[{"id":33774,"href":"https:\/\/alianzanacional.com.uy\/web\/wp-json\/wp\/v2\/posts\/33767\/revisions\/33774"}],"wp:featuredmedia":[{"embeddable":true,"href":"https:\/\/alianzanacional.com.uy\/web\/wp-json\/wp\/v2\/media\/33771"}],"wp:attachment":[{"href":"https:\/\/alianzanacional.com.uy\/web\/wp-json\/wp\/v2\/media?parent=33767"}],"wp:term":[{"taxonomy":"category","embeddable":true,"href":"https:\/\/alianzanacional.com.uy\/web\/wp-json\/wp\/v2\/categories?post=33767"},{"taxonomy":"post_tag","embeddable":true,"href":"https:\/\/alianzanacional.com.uy\/web\/wp-json\/wp\/v2\/tags?post=33767"}],"curies":[{"name":"wp","href":"https:\/\/api.w.org\/{rel}","templated":true}]}}